{"id":4347,"date":"2025-04-15T09:10:54","date_gmt":"2025-04-15T12:10:54","guid":{"rendered":"https:\/\/dea.unsj.edu.ar\/principal\/?p=4347"},"modified":"2025-04-15T09:10:56","modified_gmt":"2025-04-15T12:10:56","slug":"inscripcion-a-becas-estrategicas-manuel-belgrano-para-carreras-cientificas-y-tecnicas-desde-el-8-4-2025-al-2-5-2025","status":"publish","type":"post","link":"https:\/\/dea.unsj.edu.ar\/principal\/inscripcion-a-becas-estrategicas-manuel-belgrano-para-carreras-cientificas-y-tecnicas-desde-el-8-4-2025-al-2-5-2025\/","title":{"rendered":"Inscripci\u00f3n a Becas Estrat\u00e9gicas Manuel Belgrano para Carreras Cient\u00edficas y T\u00e9cnicas (desde el 8\/4\/2025 al 2\/5\/2025)"},"content":{"rendered":"\n<p>El beneficio est\u00e1 destinado a estudiantes de pregrado y grado de universidades nacionales y provinciales de gesti\u00f3n p\u00fablica. Hay plazo hasta el 2 de mayo para nuevas postulaciones.<\/p>\n\n\n\n<p>Abri\u00f3 la primera convocatoria 2025 del Programa Nacional de Becas Estrat\u00e9gicas Manuel Belgrano y las personas nuevas postulantes tendr\u00e1n plazo para inscribirse desde el 8 de abril hasta el 2 de mayo, mientras que las renovantes tuvieron hasta el 11 de abril para hacerlo.<\/p>\n\n\n\n<p>Las Becas Manuel Belgrano proporcionan un incentivo econ\u00f3mico para que j\u00f3venes provenientes de hogares de bajos ingresos realicen una tecnicatura o una carrera universitaria en una disciplina estrat\u00e9gica para el desarrollo econ\u00f3mico y productivo del pa\u00eds.<\/p>\n\n\n\n<p>El objetivo de este programa es promover el acceso, la permanencia y la finalizaci\u00f3n de estudios de pregrado y grado en \u00e1reas claves para el desarrollo del pa\u00eds.<\/p>\n\n\n\n<p>Se consideran estrat\u00e9gicas las disciplinas pertenecientes a las siguientes \u00e1reas: Alimentos, Ambiente, Computaci\u00f3n e Inform\u00e1tica, Energ\u00eda convencional y alternativa, Gas y Petr\u00f3leo, Log\u00edstica y Transporte, Miner\u00eda y Ciencias b\u00e1sicas. Adem\u00e1s, este a\u00f1o se incorpora la sub l\u00ednea Educaci\u00f3n.<\/p>\n\n\n\n<p>Podr\u00e1n aplicar a este programa de becas personas argentinas nativas o naturalizadas con DNI, que sean estudiantes regulares de universidades nacionales y provinciales de gesti\u00f3n p\u00fablica que ingresen en el primer semestre de 2025 o que est\u00e9n cursando al momento de la inscripci\u00f3n alguna de las carreras universitarias de pregrado o grado definidas por el Programa. Los\/as estudiantes ingresantes deben tener entre 18 y 30 a\u00f1os de edad; los\/as cursantes, hasta 35 a\u00f1os. Quedan exceptuadas del requisito de edad las personas con alg\u00fan tipo de discapacidad y las personas con hijos menores de edad en hogares monoparentales.<\/p>\n\n\n\n<p>Al momento de la adjudicaci\u00f3n, los ingresos del hogar de los postulantes deben ser menores a 3 Salarios M\u00ednimos, Vitales y M\u00f3viles (SMVM). Esta condici\u00f3n se aplica al grupo familiar (padre, madre o tutor). Se reconoce como grupo familiar aut\u00f3nomo a los\/as j\u00f3venes casados\/as o divorciados\/as, con o sin hijos\/as.<\/p>\n\n\n\n<p>Las becas tienen una duraci\u00f3n de 12 meses, renovables seg\u00fan las condiciones establecidas en el Reglamento General.<\/p>\n\n\n\n<p>Los resultados estar\u00e1n publicados para quienes hicieron la renovaci\u00f3n de la beca el 21 de abril de 2025, mientras que para quienes postularon a la nueva convocatoria, \u00e9stos estar\u00e1n a fines de mayo de 2025, y podr\u00e1n consultar en el apartado &#8220;Estado de mi solicitud&#8221;.<\/p>\n\n\n\n<p>Para mayor informaci\u00f3n consultar el siguiente&nbsp;<a href=\"https:\/\/www.argentina.gob.ar\/educacion\/becas\/becas-manuel-belgrano\" target=\"_blank\" rel=\"noreferrer noopener\">link<\/a>.&nbsp;Para registrar la inscripci\u00f3n al beneficio ingresar al&nbsp;<a href=\"https:\/\/becasmanuelbelgrano.educacion.gob.ar\/ingreso_postulantes.php\" target=\"_blank\" rel=\"noreferrer noopener\">link<\/a>.<\/p>\n\n\n\n<figure class=\"wp-block-image size-full\"><img loading=\"lazy\" decoding=\"async\" width=\"567\" height=\"425\" src=\"https:\/\/dea.unsj.edu.ar\/principal\/wp-content\/uploads\/2025\/04\/imagen-1.png\" alt=\"\" class=\"wp-image-4348\" srcset=\"https:\/\/dea.unsj.edu.ar\/principal\/wp-content\/uploads\/2025\/04\/imagen-1.png 567w, https:\/\/dea.unsj.edu.ar\/principal\/wp-content\/uploads\/2025\/04\/imagen-1-300x225.png 300w\" sizes=\"auto, (max-width: 567px) 100vw, 567px\" \/><\/figure>\n","protected":false},"excerpt":{"rendered":"<div class=\"entry-summary\">\nEl beneficio est\u00e1 destinado a estudiantes de pregrado y grado de universidades nacionales y provinciales de gesti\u00f3n p\u00fablica. Hay plazo&hellip;\n<\/div>\n<div class=\"link-more\"><a href=\"https:\/\/dea.unsj.edu.ar\/principal\/inscripcion-a-becas-estrategicas-manuel-belgrano-para-carreras-cientificas-y-tecnicas-desde-el-8-4-2025-al-2-5-2025\/\" class=\"more-link\">Continue reading<span class=\"screen-reader-text\"> &ldquo;Inscripci\u00f3n a Becas Estrat\u00e9gicas Manuel Belgrano para Carreras Cient\u00edficas y T\u00e9cnicas (desde el 8\/4\/2025 al 2\/5\/2025)&rdquo;<\/span>&hellip;<\/a><\/div>\n","protected":false},"author":2,"featured_media":4348,"comment_status":"closed","ping_status":"closed","sticky":false,"template":"","format":"standard","meta":{"_acf_changed":false,"jetpack_post_was_ever_published":false,"_jetpack_newsletter_access":"","_jetpack_dont_email_post_to_subs":false,"_jetpack_newsletter_tier_id":0,"_jetpack_memberships_contains_paywalled_content":false,"_jetpack_memberships_contains_paid_content":false,"footnotes":"","jetpack_publicize_message":"","jetpack_publicize_feature_enabled":true,"jetpack_social_post_already_shared":true,"jetpack_social_options":{"image_generator_settings":{"template":"highway","default_image_id":0,"font":"","enabled":false},"version":2}},"categories":[11],"tags":[],"class_list":["post-4347","post","type-post","status-publish","format-standard","has-post-thumbnail","hentry","category-dea","entry"],"acf":[],"jetpack_publicize_connections":[],"jetpack_featured_media_url":"https:\/\/dea.unsj.edu.ar\/principal\/wp-content\/uploads\/2025\/04\/imagen-1.png","jetpack_sharing_enabled":true,"jetpack_shortlink":"https:\/\/wp.me\/paLbeA-187","_links":{"self":[{"href":"https:\/\/dea.unsj.edu.ar\/principal\/wp-json\/wp\/v2\/posts\/4347","targetHints":{"allow":["GET"]}}],"collection":[{"href":"https:\/\/dea.unsj.edu.ar\/principal\/wp-json\/wp\/v2\/posts"}],"about":[{"href":"https:\/\/dea.unsj.edu.ar\/principal\/wp-json\/wp\/v2\/types\/post"}],"author":[{"embeddable":true,"href":"https:\/\/dea.unsj.edu.ar\/principal\/wp-json\/wp\/v2\/users\/2"}],"replies":[{"embeddable":true,"href":"https:\/\/dea.unsj.edu.ar\/principal\/wp-json\/wp\/v2\/comments?post=4347"}],"version-history":[{"count":1,"href":"https:\/\/dea.unsj.edu.ar\/principal\/wp-json\/wp\/v2\/posts\/4347\/revisions"}],"predecessor-version":[{"id":4349,"href":"https:\/\/dea.unsj.edu.ar\/principal\/wp-json\/wp\/v2\/posts\/4347\/revisions\/4349"}],"wp:featuredmedia":[{"embeddable":true,"href":"https:\/\/dea.unsj.edu.ar\/principal\/wp-json\/wp\/v2\/media\/4348"}],"wp:attachment":[{"href":"https:\/\/dea.unsj.edu.ar\/principal\/wp-json\/wp\/v2\/media?parent=4347"}],"wp:term":[{"taxonomy":"category","embeddable":true,"href":"https:\/\/dea.unsj.edu.ar\/principal\/wp-json\/wp\/v2\/categories?post=4347"},{"taxonomy":"post_tag","embeddable":true,"href":"https:\/\/dea.unsj.edu.ar\/principal\/wp-json\/wp\/v2\/tags?post=4347"}],"curies":[{"name":"wp","href":"https:\/\/api.w.org\/{rel}","templated":true}]}}