{"id":4265,"date":"2025-02-27T09:13:17","date_gmt":"2025-02-27T12:13:17","guid":{"rendered":"http:\/\/dea.unsj.edu.ar\/principal\/?p=4265"},"modified":"2025-02-27T09:13:18","modified_gmt":"2025-02-27T12:13:18","slug":"convocatoria-a-concursos-de-auxiliares-de-2da-categoria-desde-el-25-al-31-de-marzo-de-2025","status":"publish","type":"post","link":"https:\/\/dea.unsj.edu.ar\/principal\/convocatoria-a-concursos-de-auxiliares-de-2da-categoria-desde-el-25-al-31-de-marzo-de-2025\/","title":{"rendered":"CONVOCATORIA A CONCURSOS DE AUXILIARES DE 2DA CATEGOR\u00cdA (DESDE EL 25 AL 31 DE MARZO DE 2025)"},"content":{"rendered":"\n<p><strong>El Decano de la Facultad de Ingenier\u00eda de la Universidad Nacional de San Juan <\/strong>convoca a concurso p\u00fablico de antecedente y oposici\u00f3n, para cubrir de los siguientes cargos de la planta docente.<\/p>\n\n\n\n<p><strong>INSCRIPCIONES: DESDE EL 13 AL 19 DE MARZO DE 2025, HASTA LAS 12 HORAS.<\/strong><\/p>\n\n\n\n<p><strong>&#8212;&#8212;&#8212;&#8212;&#8212;&#8212;&#8212;&#8212;&#8212;&#8212;&#8212;&#8212;&#8212;&#8212;&#8212;&#8212;&#8212;&#8212;&#8212;&#8212;&#8212;&#8212;&#8212;&#8212;&#8212;&#8212;&#8212;&#8212;&#8212;&#8212;&#8212;&#8212;&#8212;&#8212;&#8212;&#8212;&#8212;&#8212;-<\/strong><\/p>\n\n\n\n<p><strong>&#8211; UN (1) CARGO DE AUXILIAR DE LA DOCENCIA DE 2DA. CATEGOR\u00cdA (ALUMNO) CON DEDICACI\u00d3N SIMPLE, CAR\u00c1CTER INTERINO, CARGO N\u00ba 1013<\/strong>, para cumplir DIEZ (10) horas en tareas de docencia en el \u00c1rea de Conocimiento: \u201cCOMUNICACIONES\u201d, en la <strong>Asignatura: \u201cPROPAGACI\u00d3N Y RADIACI\u00d3N\u201d (carrera de Ingenier\u00eda Electr\u00f3nica)<\/strong>, en el Departamento de Electr\u00f3nica y Autom\u00e1tica.<\/p>\n\n\n\n<p><strong>EXPEDIENTE N\u00ba 03-5060\/2024-RESOLUCI\u00d3N N\u00ba 131\/2025-Decanato.<\/strong><\/p>\n\n\n\n<p><strong>&#8212;&#8212;&#8212;&#8212;&#8212;&#8212;&#8212;&#8212;&#8212;&#8212;&#8212;&#8212;&#8212;&#8212;&#8212;&#8212;&#8212;&#8212;&#8212;&#8212;&#8212;&#8212;&#8212;&#8212;&#8212;&#8212;&#8212;&#8212;&#8212;&#8212;&#8212;&#8212;&#8212;&#8212;&#8212;&#8212;&#8212;&#8212;-<\/strong><\/p>\n\n\n\n<p><strong>&#8211; UN (1) CARGO DE AUXILIAR DE LA DOCENCIA DE 2DA. CATEGOR\u00cdA (ALUMNO) CON DEDICACI\u00d3N SIMPLE, CAR\u00c1CTER INTERINO, CARGO N\u00b0 1499<\/strong>, para cumplir DIEZ (10) horas de tareas de docencia en el \u00c1rea de Conocimiento: \u201cESTAD\u00cdSTICA E INFORM\u00c1TICA\u201d, <strong>C\u00e1tedras: \u201cESTAD\u00cdSTICA\u201d <\/strong>(Civil) y <strong>\u201cMATEM\u00c1TICA ESTAD\u00cdSTICA\u201d <\/strong>(Bioingenier\u00eda), en el Departamento de Matem\u00e1tica.<\/p>\n\n\n\n<p><strong>EXPEDIENTE N\u00ba 03-5077\/2024-RESOLUCI\u00d3N N\u00ba 136\/2025-Decanato.<\/strong><\/p>\n\n\n\n<p><strong>&#8212;&#8212;&#8212;&#8212;&#8212;&#8212;&#8212;&#8212;&#8212;&#8212;&#8212;&#8212;&#8212;&#8212;&#8212;&#8212;&#8212;&#8212;&#8212;&#8212;&#8212;&#8212;&#8212;&#8212;&#8212;&#8212;&#8212;&#8212;&#8212;&#8212;&#8212;&#8212;&#8212;&#8212;&#8212;&#8212;&#8212;&#8212;-<\/strong><\/p>\n\n\n\n<p><strong>&#8211; UN (1) CARGO DE AUXILIAR DE LA DOCENCIA DE 2DA. CATEGOR\u00cdA (ALUMNO) CON DEDICACI\u00d3N SIMPLE, CAR\u00c1CTER INTERINO, CARGO N\u00b0 1125<\/strong>, para cumplir DIEZ (10) horas de tareas en docencia en el \u00c1rea de Conocimiento: \u201cELECTR\u00d3NICA ANAL\u00d3GICA\u201d, en las <strong>Asignaturas: \u201cELECTR\u00d3NICA ANAL\u00d3GICA I\u201d y \u201cPROCESAMIENTO ANAL\u00d3GICO DE SE\u00d1ALES\u201d (carrera Ingenier\u00eda Electr\u00f3nica)<\/strong>, en el Departamento de Electr\u00f3nica y Autom\u00e1tica.<\/p>\n\n\n\n<p><strong>EXPEDIENTE N\u00ba 03-5099\/2024-RESOLUCI\u00d3N N\u00ba 137\/2025-Decanato.<\/strong><\/p>\n\n\n\n<p><strong>&#8212;&#8212;&#8212;&#8212;&#8212;&#8212;&#8212;&#8212;&#8212;&#8212;&#8212;&#8212;&#8212;&#8212;&#8212;&#8212;&#8212;&#8212;&#8212;&#8212;&#8212;&#8212;&#8212;&#8212;&#8212;&#8212;&#8212;&#8212;&#8212;&#8212;&#8212;&#8212;&#8212;&#8212;&#8212;&#8212;&#8212;&#8212;-<\/strong><\/p>\n\n\n\n<p><strong>&#8211; UN (1) CARGO DE AUXILIAR DE LA DOCENCIA DE 2DA. CATEGOR\u00cdA (ALUMNO) CON DEDICACI\u00d3N SIMPLE, CAR\u00c1CTER INTERINO, CARGO N\u00ba 1377<\/strong>, para cumplir DIEZ (10) horas en tareas de docencia en el \u00c1rea de Conocimiento: \u201cELECTR\u00d3NICA DIGITAL\u201d, en las <strong>Asignaturas: \u201cELECTR\u00d3NICA DIGITAL I\u201d <\/strong>y <strong>\u201c ELECTR\u00d2NICA DIGITAL II\u201d <\/strong>(carrera Ingenier\u00eda Electr\u00f3nica), en el Departamento de Electr\u00f3nica y Autom\u00e1tica<\/p>\n\n\n\n<p><strong>EXPEDIENTE N\u00ba 03-5107\/2024-RESOLUCI\u00d3N N\u00ba 135\/2025-Decanato.<\/strong><\/p>\n\n\n\n<p><strong>&#8212;&#8212;&#8212;&#8212;&#8212;&#8212;&#8212;&#8212;&#8212;&#8212;&#8212;&#8212;&#8212;&#8212;&#8212;&#8212;&#8212;&#8212;&#8212;&#8212;&#8212;&#8212;&#8212;&#8212;&#8212;&#8212;&#8212;&#8212;&#8212;&#8212;&#8212;&#8212;&#8212;&#8212;&#8212;&#8212;&#8212;&#8212;-<\/strong><\/p>\n\n\n\n<p><strong>&#8211; UN (1) CARGO DE AUXILIAR DE LA DOCENCIA DE 2DA. CATEGOR\u00cdA (ALUMNO) CON DEDICACI\u00d3N SIMPLE, CAR\u00c1CTER INTERINO, CARGO N\u00ba 1293<\/strong>, para cumplir DIEZ (10) horas de tareas en docencia y servicio inform\u00e1ticos en las \u00c1reas de Conocimientos: \u201cELECTR\u00d3NICA DIGITAL\u201d (carrera Ingenier\u00eda Electr\u00f3nica) y \u201cCOMPLEMENTARIAS<strong>\u201d <\/strong>(carreras Bioingenier\u00eda), \u201c<strong>LABORATORIOS DE INFORM\u00c1TICA Y DE IDIOMAS\u201d<\/strong>, en el Departamento de Electr\u00f3nica y Autom\u00e1tica.<\/p>\n\n\n\n<p><strong>EXPEDIENTE N\u00ba 03-5108\/2024-RESOLUCI\u00d3N N\u00ba 130\/2025-Decanato.<\/strong><\/p>\n\n\n\n<p><strong>&#8212;&#8212;&#8212;&#8212;&#8212;&#8212;&#8212;&#8212;&#8212;&#8212;&#8212;&#8212;&#8212;&#8212;&#8212;&#8212;&#8212;&#8212;&#8212;&#8212;&#8212;&#8212;&#8212;&#8212;&#8212;&#8212;&#8212;&#8212;&#8212;&#8212;&#8212;&#8212;&#8212;&#8212;&#8212;&#8212;&#8212;&#8212;-<\/strong><\/p>\n\n\n\n<p>Las inscripciones se recibir\u00e1n en la fecha indicada en cada caso de lunes a viernes en horario de 8 hasta las 12 horas, en Mesa de Entradas, Salidas y Archivos de la Facultad de Ingenier\u00eda de la Universidad Nacional de San Juan en Av. Libertador General San Martin 1109- Oeste \u2013 C\/P 5400 SAN JUAN. Para mayor informaci\u00f3n dir\u00edjase al Pabell\u00f3n Central \u2013 Aula 18 Primer Piso E-MAIL: concurso @fi.unsj.edu.ar. La <strong>solicitud de inscripci\u00f3n <\/strong>se podr\u00e1 bajar desde <a href=\"http:\/\/www.fi.unsj.edu.ar\">www.fi.unsj.edu.ar<\/a> en secci\u00f3n CONCURSOS.<\/p>\n\n\n\n<p>Para acceder a <strong>Un (1) CARGO DE AUXILIAR DE 2DA., CATEGOR\u00cdA (ALUMNO) SIMPLE, INTERINO DEBERA TENER:<\/strong><\/p>\n\n\n\n<p>1.- Aprobado la materia que se llama a concurso SEIS (6)<\/p>\n\n\n\n<p>2.- Promedio General SEIS (6) incluidos los aplazos<\/p>\n\n\n\n<p>3.- Haber aprobado por lo menos UNA (1) MATERIA en periodo de DOCE (12) meses anteriores a la presentaci\u00f3n al concurso<\/p>\n\n\n\n<p>4.- \u00cdndice de Regularidad DOS (2)<\/p>\n\n\n\n<p>IMPORTANTE: Los alumnos de otra Facultad que aspiran a concursos de auxiliar de 2 da., en la Facultad de Ingenier\u00eda, al momento de inscribirse deben presentar:<\/p>\n\n\n\n<p>1.- Certificado de Ex\u00e1menes firmado por la autoridad de la Facultad incluyendo promedio.<\/p>\n\n\n\n<p>2.- Plan de estudio de la carrera.<\/p>\n\n\n\n<p>3.- Programa Anal\u00edtico de la materia objeto del concurso (FIRMADO por Decano, Secretario Acad\u00e9mica y Profesor Titular.<\/p>\n","protected":false},"excerpt":{"rendered":"<div class=\"entry-summary\">\nEl Decano de la Facultad de Ingenier\u00eda de la Universidad Nacional de San Juan convoca a concurso p\u00fablico de antecedente&hellip;\n<\/div>\n<div class=\"link-more\"><a href=\"https:\/\/dea.unsj.edu.ar\/principal\/convocatoria-a-concursos-de-auxiliares-de-2da-categoria-desde-el-25-al-31-de-marzo-de-2025\/\" class=\"more-link\">Continue reading<span class=\"screen-reader-text\"> &ldquo;CONVOCATORIA A CONCURSOS DE AUXILIARES DE 2DA CATEGOR\u00cdA (DESDE EL 25 AL 31 DE MARZO DE 2025)&rdquo;<\/span>&hellip;<\/a><\/div>\n","protected":false},"author":2,"featured_media":4263,"comment_status":"closed","ping_status":"closed","sticky":false,"template":"","format":"standard","meta":{"_acf_changed":false,"jetpack_post_was_ever_published":false,"_jetpack_newsletter_access":"","_jetpack_dont_email_post_to_subs":false,"_jetpack_newsletter_tier_id":0,"_jetpack_memberships_contains_paywalled_content":false,"_jetpack_memberships_contains_paid_content":false,"footnotes":"","jetpack_publicize_message":"","jetpack_publicize_feature_enabled":true,"jetpack_social_post_already_shared":true,"jetpack_social_options":{"image_generator_settings":{"template":"highway","default_image_id":0,"font":"","enabled":false},"version":2}},"categories":[11],"tags":[],"class_list":["post-4265","post","type-post","status-publish","format-standard","has-post-thumbnail","hentry","category-dea","entry"],"acf":[],"jetpack_publicize_connections":[],"jetpack_featured_media_url":"https:\/\/dea.unsj.edu.ar\/principal\/wp-content\/uploads\/2025\/02\/image-1.png","jetpack_sharing_enabled":true,"jetpack_shortlink":"https:\/\/wp.me\/paLbeA-16N","_links":{"self":[{"href":"https:\/\/dea.unsj.edu.ar\/principal\/wp-json\/wp\/v2\/posts\/4265","targetHints":{"allow":["GET"]}}],"collection":[{"href":"https:\/\/dea.unsj.edu.ar\/principal\/wp-json\/wp\/v2\/posts"}],"about":[{"href":"https:\/\/dea.unsj.edu.ar\/principal\/wp-json\/wp\/v2\/types\/post"}],"author":[{"embeddable":true,"href":"https:\/\/dea.unsj.edu.ar\/principal\/wp-json\/wp\/v2\/users\/2"}],"replies":[{"embeddable":true,"href":"https:\/\/dea.unsj.edu.ar\/principal\/wp-json\/wp\/v2\/comments?post=4265"}],"version-history":[{"count":1,"href":"https:\/\/dea.unsj.edu.ar\/principal\/wp-json\/wp\/v2\/posts\/4265\/revisions"}],"predecessor-version":[{"id":4266,"href":"https:\/\/dea.unsj.edu.ar\/principal\/wp-json\/wp\/v2\/posts\/4265\/revisions\/4266"}],"wp:featuredmedia":[{"embeddable":true,"href":"https:\/\/dea.unsj.edu.ar\/principal\/wp-json\/wp\/v2\/media\/4263"}],"wp:attachment":[{"href":"https:\/\/dea.unsj.edu.ar\/principal\/wp-json\/wp\/v2\/media?parent=4265"}],"wp:term":[{"taxonomy":"category","embeddable":true,"href":"https:\/\/dea.unsj.edu.ar\/principal\/wp-json\/wp\/v2\/categories?post=4265"},{"taxonomy":"post_tag","embeddable":true,"href":"https:\/\/dea.unsj.edu.ar\/principal\/wp-json\/wp\/v2\/tags?post=4265"}],"curies":[{"name":"wp","href":"https:\/\/api.w.org\/{rel}","templated":true}]}}