{"id":4007,"date":"2024-08-12T18:30:12","date_gmt":"2024-08-12T21:30:12","guid":{"rendered":"http:\/\/dea.unsj.edu.ar\/principal\/llamado-a-concurso-interno-para-cubrir-dos-cargos-jtp-simple-desde-el-12-8-2024-al-19-8-2024\/"},"modified":"2024-08-12T18:30:12","modified_gmt":"2024-08-12T21:30:12","slug":"llamado-a-concurso-interno-para-cubrir-dos-cargos-jtp-simple-desde-el-12-8-2024-al-19-8-2024","status":"publish","type":"post","link":"https:\/\/dea.unsj.edu.ar\/principal\/llamado-a-concurso-interno-para-cubrir-dos-cargos-jtp-simple-desde-el-12-8-2024-al-19-8-2024\/","title":{"rendered":"Llamado a Concurso interno para cubrir dos cargos JTP simple (desde el 12\/8\/2024 al 19\/8\/2024)"},"content":{"rendered":"<p><strong>Llamado a Presentaci\u00f3n de Antecedentes: Jefe de Trabajos Pr\u00e1cticos Simple, Car\u00e1cter Interino, (desde el 12\/8\/2024 al 19\/8\/2024).<\/strong><\/p>\n<p>Se convoca a la Presentaci\u00f3n de Antecedentes (CV, con probanzas) para cubrir <strong>DOS<\/strong> cargos de <strong>Jefe de Trabajos Pr\u00e1cticos, Car\u00e1cter Interino y Dedicaci\u00f3n Simple<\/strong> (10 horas) para las c\u00e1tedras de <strong>Telecomunicaciones I y II.<\/strong><\/p>\n<p><strong>Labor a desarrollar:<\/strong><\/p>\n<ul>\n<li>Ser responsable de la ejecuci\u00f3n y dictado de las Clases Pr\u00e1cticas de Laboratorio.<\/li>\n<li>Ser responsable de la ejecuci\u00f3n y dictado de las Clases Pr\u00e1cticas de Gabinete (ejercicios).<\/li>\n<li>Realizar la coordinaci\u00f3n con los ayudantes para la realizaci\u00f3n de las Clases Pr\u00e1cticas.<\/li>\n<li>Realizar la Correcci\u00f3n de los informes de las Clases Pr\u00e1cticas de Laboratorio y Gabinetes.<\/li>\n<li>Atenci\u00f3n de consultas sobre las Pr\u00e1cticas de Laboratorio y Gabinete.<\/li>\n<li>Participar de la mejora, dise\u00f1o y desarrollo de Pr\u00e1cticas de Laboratorio y Gabinete.<\/li>\n<\/ul>\n<p>Los requisitos para este cargo se detallan a continuaci\u00f3n:<\/p>\n<p>Requisitos Excluyentes:<\/p>\n<ul>\n<li>T\u00edtulo de Grado de Carreras Electr\u00f3nica o Telecomunicaciones.<\/li>\n<li>Disponibilidad para trabajar en horario vespertino a partir de las 17hs.<\/li>\n<\/ul>\n<p>Requisitos Valorables:<\/p>\n<p>1. Formaci\u00f3n Acad\u00e9mica: Se valorar\u00e1 positivamente contar con estudios de posgrado en sistemas de telecomunicaciones.<\/p>\n<p>2. Experiencia Profesional: Experiencia profesional comprobable en el campo de las Telecomunicaciones y\/o experiencia comprobable en docencia universitaria, preferentemente en Ingenier\u00eda Electr\u00f3nica.<\/p>\n<p>Participaci\u00f3n en proyectos de investigaci\u00f3n o desarrollo en el \u00e1rea de Telecomunicaciones y Sistemas de Radio Definido por Software.<\/p>\n<p>3. Disponibilidad:<\/p>\n<p>Flexibilidad para adaptarse a horarios adicionales en caso de ser necesario.<\/p>\n<p>4. Competencias y Habilidades:<\/p>\n<ul>\n<li>\n<ul>\n<li>Excelentes habilidades de comunicaci\u00f3n y capacidad para transmitir conocimientos de manera clara y efectiva.<\/li>\n<li>Capacidad para dise\u00f1ar y desarrollar material did\u00e1ctico actualizado y relevante con sistemas SDR.<\/li>\n<li>Habilidad para fomentar un ambiente de aprendizaje colaborativo y motivador para los estudiantes.<\/li>\n<li>Competencia en el uso de tecnolog\u00edas educativas y herramientas digitales para la ense\u00f1anza.<\/li>\n<\/ul>\n<\/li>\n<\/ul>\n<p>Otros Requisitos Deseables:<\/p>\n<ul>\n<li>\n<ul>\n<li>Capacidad de trabajo en equipo y colaboraci\u00f3n con otros docentes y personal acad\u00e9mico.<\/li>\n<li>Compromiso con la mejora continua y el desarrollo profesional.<\/li>\n<li>Actitud proactiva y disposici\u00f3n para participar en actividades extracurriculares y proyectos institucionales.<\/li>\n<li>Experiencia en la direcci\u00f3n y supervisi\u00f3n de trabajos pr\u00e1cticos y proyectos de estudiantes.<\/li>\n<\/ul>\n<\/li>\n<\/ul>\n<p>Enviar el CV con probanzas en formato pdf al siguiente mail: sec_dea, desde el 12\/8\/24 al 19\/8\/24.<\/p>\n<p>Departamento de Electr\u00f3nica y Autom\u00e1tica<br \/>\nFacultad de Ingenier\u00eda<br \/>\nU.N.S.J.<\/p>\n","protected":false},"excerpt":{"rendered":"<div class=\"entry-summary\">\nLlamado a Presentaci\u00f3n de Antecedentes: Jefe de Trabajos Pr\u00e1cticos Simple, Car\u00e1cter Interino, (desde el 12\/8\/2024 al 19\/8\/2024). Se convoca a&hellip;\n<\/div>\n<div class=\"link-more\"><a href=\"https:\/\/dea.unsj.edu.ar\/principal\/llamado-a-concurso-interno-para-cubrir-dos-cargos-jtp-simple-desde-el-12-8-2024-al-19-8-2024\/\" class=\"more-link\">Continue reading<span class=\"screen-reader-text\"> &ldquo;Llamado a Concurso interno para cubrir dos cargos JTP simple (desde el 12\/8\/2024 al 19\/8\/2024)&rdquo;<\/span>&hellip;<\/a><\/div>\n","protected":false},"author":1,"featured_media":0,"comment_status":"closed","ping_status":"closed","sticky":false,"template":"","format":"standard","meta":{"_acf_changed":false,"jetpack_post_was_ever_published":false,"_jetpack_newsletter_access":"","_jetpack_dont_email_post_to_subs":false,"_jetpack_newsletter_tier_id":0,"_jetpack_memberships_contains_paywalled_content":false,"_jetpack_memberships_contains_paid_content":false,"footnotes":"","jetpack_publicize_message":"","jetpack_publicize_feature_enabled":true,"jetpack_social_post_already_shared":true,"jetpack_social_options":{"image_generator_settings":{"template":"highway","default_image_id":0,"font":"","enabled":false},"version":2}},"categories":[11],"tags":[],"class_list":["post-4007","post","type-post","status-publish","format-standard","hentry","category-dea","entry"],"acf":[],"jetpack_publicize_connections":[],"jetpack_featured_media_url":"","jetpack_sharing_enabled":true,"jetpack_shortlink":"https:\/\/wp.me\/paLbeA-12D","_links":{"self":[{"href":"https:\/\/dea.unsj.edu.ar\/principal\/wp-json\/wp\/v2\/posts\/4007","targetHints":{"allow":["GET"]}}],"collection":[{"href":"https:\/\/dea.unsj.edu.ar\/principal\/wp-json\/wp\/v2\/posts"}],"about":[{"href":"https:\/\/dea.unsj.edu.ar\/principal\/wp-json\/wp\/v2\/types\/post"}],"author":[{"embeddable":true,"href":"https:\/\/dea.unsj.edu.ar\/principal\/wp-json\/wp\/v2\/users\/1"}],"replies":[{"embeddable":true,"href":"https:\/\/dea.unsj.edu.ar\/principal\/wp-json\/wp\/v2\/comments?post=4007"}],"version-history":[{"count":0,"href":"https:\/\/dea.unsj.edu.ar\/principal\/wp-json\/wp\/v2\/posts\/4007\/revisions"}],"wp:attachment":[{"href":"https:\/\/dea.unsj.edu.ar\/principal\/wp-json\/wp\/v2\/media?parent=4007"}],"wp:term":[{"taxonomy":"category","embeddable":true,"href":"https:\/\/dea.unsj.edu.ar\/principal\/wp-json\/wp\/v2\/categories?post=4007"},{"taxonomy":"post_tag","embeddable":true,"href":"https:\/\/dea.unsj.edu.ar\/principal\/wp-json\/wp\/v2\/tags?post=4007"}],"curies":[{"name":"wp","href":"https:\/\/api.w.org\/{rel}","templated":true}]}}