{"id":3940,"date":"2024-06-18T11:41:34","date_gmt":"2024-06-18T14:41:34","guid":{"rendered":"http:\/\/dea.unsj.edu.ar\/principal\/?p=3940"},"modified":"2024-06-18T11:41:34","modified_gmt":"2024-06-18T14:41:34","slug":"se-suspenden-actividades-en-la-unsj-desde-mediodia-18-6-2024-desde-las-1230","status":"publish","type":"post","link":"https:\/\/dea.unsj.edu.ar\/principal\/se-suspenden-actividades-en-la-unsj-desde-mediodia-18-6-2024-desde-las-1230\/","title":{"rendered":"Se suspenden actividades en la UNSJ desde mediod\u00eda (18\/6\/2024-Desde las 12:30)"},"content":{"rendered":"<p>En las Facultades y en la Escuela Universitaria de Ciencias de la Salud no habr\u00e1 actividades a la tarde.<\/p>\n<p>A ra\u00edz del viento Zonda, en la tarde de hoy martes 18 de junio no habr\u00e1 actividades en toda la UNSJ. <strong>Los Institutos Preuniversitarios las suspenden desde las 11.30<\/strong> y Rectorado y sus dependencias lo hace a partir de las 12h.<\/p>\n<p>Respecto de las <strong>Facultades de la UNSJ<\/strong>, la de Ingenier\u00eda suspende sus actividades a las 12.30; la Facultad de Ciencias Exactas, F\u00edsicas y Naturales suspende, a las 11.30; la de Filosof\u00eda, Humanidades y Artes lo har\u00e1 a las 12; la Facultad de Ciencias Sociales, a las 12.30, y la Facultad de Arquitectura, Urbanismo y Dise\u00f1o suspende tareas a las 12.30. En tanto la Escuela Universitaria de Ciencias de la Salud interrumpe sus actividades desde las 11.30 de este martes.<\/p>\n<p>De esta manera, independientemente de la hora espec\u00edfica de suspensi\u00f3n de actividades al mediod\u00eda por parte de cada unidad, <strong>no habr\u00e1 actividades en la tarde de este martes 18 de junio<\/strong> en toda la UNSJ.<\/p>\n<p><a href=\"http:\/\/dea.unsj.edu.ar\/principal\/wp-content\/uploads\/2024\/06\/jpoijpkbjeklnbcb.png\" rel=\"attachment wp-att-3941\"><img loading=\"lazy\" decoding=\"async\" src=\"http:\/\/dea.unsj.edu.ar\/principal\/wp-content\/uploads\/2024\/06\/jpoijpkbjeklnbcb.png\" alt=\"\" title=\"jpoijpkbjeklnbcb-png\" width=\"1200\" height=\"1\" class=\"alignnone size-full wp-image-3941\" \/><\/a><\/p>\n","protected":false},"excerpt":{"rendered":"<div class=\"entry-summary\">\nEn las Facultades y en la Escuela Universitaria de Ciencias de la Salud no habr\u00e1 actividades a la tarde. A&hellip;\n<\/div>\n<div class=\"link-more\"><a href=\"https:\/\/dea.unsj.edu.ar\/principal\/se-suspenden-actividades-en-la-unsj-desde-mediodia-18-6-2024-desde-las-1230\/\" class=\"more-link\">Continue reading<span class=\"screen-reader-text\"> &ldquo;Se suspenden actividades en la UNSJ desde mediod\u00eda (18\/6\/2024-Desde las 12:30)&rdquo;<\/span>&hellip;<\/a><\/div>\n","protected":false},"author":1,"featured_media":0,"comment_status":"closed","ping_status":"closed","sticky":false,"template":"","format":"standard","meta":{"_acf_changed":false,"jetpack_post_was_ever_published":false,"_jetpack_newsletter_access":"","_jetpack_dont_email_post_to_subs":false,"_jetpack_newsletter_tier_id":0,"_jetpack_memberships_contains_paywalled_content":false,"_jetpack_memberships_contains_paid_content":false,"footnotes":"","jetpack_publicize_message":"","jetpack_publicize_feature_enabled":true,"jetpack_social_post_already_shared":true,"jetpack_social_options":{"image_generator_settings":{"template":"highway","default_image_id":0,"font":"","enabled":false},"version":2}},"categories":[11],"tags":[],"class_list":["post-3940","post","type-post","status-publish","format-standard","hentry","category-dea","entry"],"acf":[],"jetpack_publicize_connections":[],"jetpack_featured_media_url":"","jetpack_sharing_enabled":true,"jetpack_shortlink":"https:\/\/wp.me\/paLbeA-11y","_links":{"self":[{"href":"https:\/\/dea.unsj.edu.ar\/principal\/wp-json\/wp\/v2\/posts\/3940","targetHints":{"allow":["GET"]}}],"collection":[{"href":"https:\/\/dea.unsj.edu.ar\/principal\/wp-json\/wp\/v2\/posts"}],"about":[{"href":"https:\/\/dea.unsj.edu.ar\/principal\/wp-json\/wp\/v2\/types\/post"}],"author":[{"embeddable":true,"href":"https:\/\/dea.unsj.edu.ar\/principal\/wp-json\/wp\/v2\/users\/1"}],"replies":[{"embeddable":true,"href":"https:\/\/dea.unsj.edu.ar\/principal\/wp-json\/wp\/v2\/comments?post=3940"}],"version-history":[{"count":0,"href":"https:\/\/dea.unsj.edu.ar\/principal\/wp-json\/wp\/v2\/posts\/3940\/revisions"}],"wp:attachment":[{"href":"https:\/\/dea.unsj.edu.ar\/principal\/wp-json\/wp\/v2\/media?parent=3940"}],"wp:term":[{"taxonomy":"category","embeddable":true,"href":"https:\/\/dea.unsj.edu.ar\/principal\/wp-json\/wp\/v2\/categories?post=3940"},{"taxonomy":"post_tag","embeddable":true,"href":"https:\/\/dea.unsj.edu.ar\/principal\/wp-json\/wp\/v2\/tags?post=3940"}],"curies":[{"name":"wp","href":"https:\/\/api.w.org\/{rel}","templated":true}]}}