{"id":3939,"date":"2024-06-10T08:30:49","date_gmt":"2024-06-10T11:30:49","guid":{"rendered":"http:\/\/dea.unsj.edu.ar\/principal\/llamado-a-presentacion-de-antecedentes-jefe-de-trabajos-practicos-simple-caracter-interino-desde-el-10-6-2024-al-18-6-2024\/"},"modified":"2024-06-10T08:30:49","modified_gmt":"2024-06-10T11:30:49","slug":"llamado-a-presentacion-de-antecedentes-jefe-de-trabajos-practicos-simple-caracter-interino-desde-el-10-6-2024-al-18-6-2024","status":"publish","type":"post","link":"https:\/\/dea.unsj.edu.ar\/principal\/llamado-a-presentacion-de-antecedentes-jefe-de-trabajos-practicos-simple-caracter-interino-desde-el-10-6-2024-al-18-6-2024\/","title":{"rendered":"Llamado a Presentaci\u00f3n de Antecedentes: Jefe de Trabajos Pr\u00e1cticos Simple, Car\u00e1cter Interino, (desde  el 10\/6\/2024 al 18\/6\/2024)"},"content":{"rendered":"<p>Se convoca a la Presentaci\u00f3n de Antecedentes (CV, con probanzas) para cubrir un cargo de <strong>Jefe de Trabajos Pr\u00e1cticos, Car\u00e1cter Interino y Dedicaci\u00f3n Simple<\/strong> (10 horas) para las c\u00e1tedras de <strong>Electrotecnia A<\/strong> y <strong>Teor\u00eda de Circuitos.<\/strong><\/p>\n<p><strong>Labor a desarrollar:<\/strong><\/p>\n<p>\u00b7 Ser responsable de la ejecuci\u00f3n y dictado de las Clases Pr\u00e1cticas de Laboratorio.<\/p>\n<p>\u00b7 Ser responsable de la ejecuci\u00f3n y dictado de las Clases Pr\u00e1cticas de Gabinete (ejercicios).<\/p>\n<p>\u00b7 Realizar la coordinaci\u00f3n con los ayudantes para la realizaci\u00f3n de las Clases Pr\u00e1cticas.<\/p>\n<p>\u00b7 Realizar la Correcci\u00f3n de los informes de las Clases Pr\u00e1cticas de Laboratorio y Gabinetes.<\/p>\n<p>\u00b7 Atenci\u00f3n de consultas sobre las Pr\u00e1cticas de Laboratorio y Gabinete.<\/p>\n<p>\u00b7 Participar de la mejora, dise\u00f1o y desarrollo de Pr\u00e1cticas de Laboratorio y Gabinete.<\/p>\n<p>Los requisitos para este cargo se detallan a continuaci\u00f3n:<\/p>\n<p><strong>Requisitos Excluyentes:<\/strong><\/p>\n<p>\u00b7 T\u00edtulo de Grado de Carreras Afines<\/p>\n<p>\u00b7 Disponibilidad Horarios de 8:00 a 13:00 hs. (especialmente los jueves).<\/p>\n<p><strong>Requisitos Deseables:<\/strong><\/p>\n<p>\u00b7 Antecedentes Docentes en el \u00c1rea.<\/p>\n<p>\u00b7 Manejo fluido de Instrumental de Laboratorio (Osciloscopio, mult\u00edmetro, frecuenc\u00edmetro, etc.)<\/p>\n<p>\u00b7 Experiencia en dise\u00f1o, reparaci\u00f3n y\/o fabricaci\u00f3n de Circuitos Electr\u00f3nicos.<\/p>\n<p>\u00b7 Habilidades para el Trabajo en Equipo y la Comunicaci\u00f3n.<\/p>\n<p>\u00b7 Compromiso de Mejora Continua con la C\u00e1tedra.<\/p>\n<p>Los antecedentes (CV m\u00e1s probanzas) se deber\u00e1n ser enviados al correo electr\u00f3nico<\/p>\n<p>sec_dea<\/p>\n<p>entre el 10 y el 18 de junio del corriente a\u00f1o.<\/p>\n<p>Los responsables de la selecci\u00f3n podr\u00e1n llamar a una entrevista personal para precisar los antecedentes y las actitudes (motivaciones, personalidad, habilidades, experiencia, etc.),<\/p>\n<p>Departamento de Electr\u00f3nica y Autom\u00e1tica<\/p>\n<p><a href=\"http:\/\/dea.unsj.edu.ar\/principal\/\">http:\/\/dea.unsj.edu.ar\/principal\/<\/a><\/p>\n","protected":false},"excerpt":{"rendered":"<div class=\"entry-summary\">\nSe convoca a la Presentaci\u00f3n de Antecedentes (CV, con probanzas) para cubrir un cargo de Jefe de Trabajos Pr\u00e1cticos, Car\u00e1cter&hellip;\n<\/div>\n<div class=\"link-more\"><a href=\"https:\/\/dea.unsj.edu.ar\/principal\/llamado-a-presentacion-de-antecedentes-jefe-de-trabajos-practicos-simple-caracter-interino-desde-el-10-6-2024-al-18-6-2024\/\" class=\"more-link\">Continue reading<span class=\"screen-reader-text\"> &ldquo;Llamado a Presentaci\u00f3n de Antecedentes: Jefe de Trabajos Pr\u00e1cticos Simple, Car\u00e1cter Interino, (desde  el 10\/6\/2024 al 18\/6\/2024)&rdquo;<\/span>&hellip;<\/a><\/div>\n","protected":false},"author":1,"featured_media":0,"comment_status":"closed","ping_status":"closed","sticky":false,"template":"","format":"standard","meta":{"_acf_changed":false,"jetpack_post_was_ever_published":false,"_jetpack_newsletter_access":"","_jetpack_dont_email_post_to_subs":false,"_jetpack_newsletter_tier_id":0,"_jetpack_memberships_contains_paywalled_content":false,"_jetpack_memberships_contains_paid_content":false,"footnotes":"","jetpack_publicize_message":"","jetpack_publicize_feature_enabled":true,"jetpack_social_post_already_shared":true,"jetpack_social_options":{"image_generator_settings":{"template":"highway","default_image_id":0,"font":"","enabled":false},"version":2}},"categories":[11],"tags":[],"class_list":["post-3939","post","type-post","status-publish","format-standard","hentry","category-dea","entry"],"acf":[],"jetpack_publicize_connections":[],"jetpack_featured_media_url":"","jetpack_sharing_enabled":true,"jetpack_shortlink":"https:\/\/wp.me\/paLbeA-11x","_links":{"self":[{"href":"https:\/\/dea.unsj.edu.ar\/principal\/wp-json\/wp\/v2\/posts\/3939","targetHints":{"allow":["GET"]}}],"collection":[{"href":"https:\/\/dea.unsj.edu.ar\/principal\/wp-json\/wp\/v2\/posts"}],"about":[{"href":"https:\/\/dea.unsj.edu.ar\/principal\/wp-json\/wp\/v2\/types\/post"}],"author":[{"embeddable":true,"href":"https:\/\/dea.unsj.edu.ar\/principal\/wp-json\/wp\/v2\/users\/1"}],"replies":[{"embeddable":true,"href":"https:\/\/dea.unsj.edu.ar\/principal\/wp-json\/wp\/v2\/comments?post=3939"}],"version-history":[{"count":0,"href":"https:\/\/dea.unsj.edu.ar\/principal\/wp-json\/wp\/v2\/posts\/3939\/revisions"}],"wp:attachment":[{"href":"https:\/\/dea.unsj.edu.ar\/principal\/wp-json\/wp\/v2\/media?parent=3939"}],"wp:term":[{"taxonomy":"category","embeddable":true,"href":"https:\/\/dea.unsj.edu.ar\/principal\/wp-json\/wp\/v2\/categories?post=3939"},{"taxonomy":"post_tag","embeddable":true,"href":"https:\/\/dea.unsj.edu.ar\/principal\/wp-json\/wp\/v2\/tags?post=3939"}],"curies":[{"name":"wp","href":"https:\/\/api.w.org\/{rel}","templated":true}]}}