{"id":3930,"date":"2024-06-03T18:39:01","date_gmt":"2024-06-03T21:39:01","guid":{"rendered":"http:\/\/dea.unsj.edu.ar\/principal\/?p=3930"},"modified":"2024-06-03T18:39:01","modified_gmt":"2024-06-03T21:39:01","slug":"charla-para-estudiantes-estrategias-para-regular-la-ansiedad-y-el-estres-7-6-2024-aula-magna-de-minas","status":"publish","type":"post","link":"https:\/\/dea.unsj.edu.ar\/principal\/charla-para-estudiantes-estrategias-para-regular-la-ansiedad-y-el-estres-7-6-2024-aula-magna-de-minas\/","title":{"rendered":"Charla para Estudiantes: Estrategias para Regular la Ansiedad y el Estr\u00e9s (7\/6\/2024, Aula Magna de Minas)"},"content":{"rendered":"<p>La charla est\u00e1 destinada a estudiantes de todas las carreras de la Facultad de Ingenier\u00eda.<\/p>\n<p>El Centro Universitario T\u00e9cnico Educativo (CUTE) de la Facultad de Ingenier\u00eda (FI) invita a participar de la<strong> charla \u201cEstrategias para regular la ansiedad y el estr\u00e9s\u201d<\/strong>.<\/p>\n<p>Esta actividad se realizar\u00e1 el <strong>7 de junio<\/strong> a las <strong>11:30 h<\/strong> en el <strong>Aula Magna de Minas de la FI<\/strong>.<\/p>\n<p>La charla est\u00e1 destinada a estudiantes de todas las carreras de la Facultad de Ingenier\u00eda.<\/p>\n<p><a href=\"http:\/\/dea.unsj.edu.ar\/principal\/wp-content\/uploads\/2024\/06\/dlkgcbianjnjfpnh.png\" rel=\"attachment wp-att-3931\"><img loading=\"lazy\" decoding=\"async\" src=\"http:\/\/dea.unsj.edu.ar\/principal\/wp-content\/uploads\/2024\/06\/dlkgcbianjnjfpnh.png\" alt=\"\" title=\"dlkgcbianjnjfpnh-png\" width=\"1200\" height=\"1\" class=\"alignnone size-full wp-image-3931\"><\/a><\/p>\n","protected":false},"excerpt":{"rendered":"<div class=\"entry-summary\">\nLa charla est\u00e1 destinada a estudiantes de todas las carreras de la Facultad de Ingenier\u00eda. El Centro Universitario T\u00e9cnico Educativo&hellip;\n<\/div>\n<div class=\"link-more\"><a href=\"https:\/\/dea.unsj.edu.ar\/principal\/charla-para-estudiantes-estrategias-para-regular-la-ansiedad-y-el-estres-7-6-2024-aula-magna-de-minas\/\" class=\"more-link\">Continue reading<span class=\"screen-reader-text\"> &ldquo;Charla para Estudiantes: Estrategias para Regular la Ansiedad y el Estr\u00e9s (7\/6\/2024, Aula Magna de Minas)&rdquo;<\/span>&hellip;<\/a><\/div>\n","protected":false},"author":1,"featured_media":0,"comment_status":"closed","ping_status":"closed","sticky":false,"template":"","format":"standard","meta":{"_acf_changed":false,"jetpack_post_was_ever_published":false,"_jetpack_newsletter_access":"","_jetpack_dont_email_post_to_subs":false,"_jetpack_newsletter_tier_id":0,"_jetpack_memberships_contains_paywalled_content":false,"_jetpack_memberships_contains_paid_content":false,"footnotes":"","jetpack_publicize_message":"","jetpack_publicize_feature_enabled":true,"jetpack_social_post_already_shared":true,"jetpack_social_options":{"image_generator_settings":{"template":"highway","default_image_id":0,"font":"","enabled":false},"version":2}},"categories":[11],"tags":[],"class_list":["post-3930","post","type-post","status-publish","format-standard","hentry","category-dea","entry"],"acf":[],"jetpack_publicize_connections":[],"jetpack_featured_media_url":"","jetpack_sharing_enabled":true,"jetpack_shortlink":"https:\/\/wp.me\/paLbeA-11o","_links":{"self":[{"href":"https:\/\/dea.unsj.edu.ar\/principal\/wp-json\/wp\/v2\/posts\/3930","targetHints":{"allow":["GET"]}}],"collection":[{"href":"https:\/\/dea.unsj.edu.ar\/principal\/wp-json\/wp\/v2\/posts"}],"about":[{"href":"https:\/\/dea.unsj.edu.ar\/principal\/wp-json\/wp\/v2\/types\/post"}],"author":[{"embeddable":true,"href":"https:\/\/dea.unsj.edu.ar\/principal\/wp-json\/wp\/v2\/users\/1"}],"replies":[{"embeddable":true,"href":"https:\/\/dea.unsj.edu.ar\/principal\/wp-json\/wp\/v2\/comments?post=3930"}],"version-history":[{"count":0,"href":"https:\/\/dea.unsj.edu.ar\/principal\/wp-json\/wp\/v2\/posts\/3930\/revisions"}],"wp:attachment":[{"href":"https:\/\/dea.unsj.edu.ar\/principal\/wp-json\/wp\/v2\/media?parent=3930"}],"wp:term":[{"taxonomy":"category","embeddable":true,"href":"https:\/\/dea.unsj.edu.ar\/principal\/wp-json\/wp\/v2\/categories?post=3930"},{"taxonomy":"post_tag","embeddable":true,"href":"https:\/\/dea.unsj.edu.ar\/principal\/wp-json\/wp\/v2\/tags?post=3930"}],"curies":[{"name":"wp","href":"https:\/\/api.w.org\/{rel}","templated":true}]}}