{"id":3928,"date":"2024-05-29T20:56:30","date_gmt":"2024-05-29T23:56:30","guid":{"rendered":"http:\/\/dea.unsj.edu.ar\/principal\/concurso-programa-regional-de-eficiencia-energetica-de-siemens-2024-charlas-informativas-a-partir-del-29-5-2024-h-asta-el-19-06-2024\/"},"modified":"2024-05-29T20:56:30","modified_gmt":"2024-05-29T23:56:30","slug":"concurso-programa-regional-de-eficiencia-energetica-de-siemens-2024-charlas-informativas-a-partir-del-29-5-2024-h-asta-el-19-06-2024","status":"publish","type":"post","link":"https:\/\/dea.unsj.edu.ar\/principal\/concurso-programa-regional-de-eficiencia-energetica-de-siemens-2024-charlas-informativas-a-partir-del-29-5-2024-h-asta-el-19-06-2024\/","title":{"rendered":"Concurso: Programa Regional de Eficiencia Energ\u00e9tica de Siemens 2024 (Charlas informativas a partir del 29\/5\/2024 h asta el 19\/06\/2024)"},"content":{"rendered":"<p>La empresa Siemens, invita a formar parte de la 8va edici\u00f3n del Programa Regional de Eficiencia Energ\u00e9tica.<br \/>\nEste programa est\u00e1 dise\u00f1ado para que<strong> estudiantes de ingenier\u00eda puedan presentar sus proyectos y soluciones que contribuyan al ahorro y la eficiencia energ\u00e9tica<\/strong> de su instituci\u00f3n u otro \u00e1mbito de acci\u00f3n aplicado a un caso de la vida real.<\/p>\n<p>A partir del 29\/5\/2024 comienza una serie de charlas informativas para poder entrar en detalle en el Programa, evacuar las dudas que surjan e incentivar a los alumnos a que formen parte del mismo. En el siguiente link se encuentran los d\u00edas y horarios en los que se llevar\u00e1n a cabo las charlas para que puedan inscribirse en la que m\u00e1s les convenga.<\/p>\n<p><a href=\"https:\/\/forms.office.com\/r\/Am6VFqi669?origin=lprLink\">https:\/\/forms.office.com\/r\/Am6VFqi669?origin=lprLink<\/a><\/p>\n<p>Las charlas pueden ser<\/p>\n<blockquote>\n<ul>\n<li>\u00b7 Mi\u00e9rcoles 29\/05 11:00 AM (ARG)\/09:00 AM (PE, EC,CO), 10:00 AM (CL,BO)<\/li>\n<li>\u00b7 Mi\u00e9rcoles 05\/06 16:00 PM (ARG)\/14:00 PM (PE, EC,CO), 15:00 PM (CL,BO)<\/li>\n<li>\u00b7 Jueves 13\/06 11:00 AM (ARG)\/09:00 AM (PE, EC,CO), 10:00 AM (CL,BO)<\/li>\n<li>\u00b7 Mi\u00e9rcoles 19\/06 15:00 PM (ARG)\/13:00 PM (PE, EC,CO), 14:00 PM (CL,BO)<\/li>\n<\/ul>\n<\/blockquote>\n<p> Por cualquier duda e inscripciones pueden consultar el siguiente link<br \/>\n<a href=\"https:\/\/www.fundacionsiemens.com.ar\/proyectos\/educacion-y-movilidad-social\/60-concurso-si.html\">https:\/\/www.fundacionsiemens.com.ar\/proyectos\/educacion-y-movilidad-social\/60-concurso-si.html<\/a><\/p>\n<p>Las bases y condiciones se encuentran en<\/p>\n<p><a href=\"https:\/\/www.fundacionsiemens.com.ar\/images\/proyectos\/educacion\/Smart\/Bases_y_condiciones_SI2024.pdf\">https:\/\/www.fundacionsiemens.com.ar\/images\/proyectos\/educacion\/Smart\/Bases_y_condiciones_SI2024.pdf<\/a><\/p>\n","protected":false},"excerpt":{"rendered":"<div class=\"entry-summary\">\nLa empresa Siemens, invita a formar parte de la 8va edici\u00f3n del Programa Regional de Eficiencia Energ\u00e9tica. Este programa est\u00e1&hellip;\n<\/div>\n<div class=\"link-more\"><a href=\"https:\/\/dea.unsj.edu.ar\/principal\/concurso-programa-regional-de-eficiencia-energetica-de-siemens-2024-charlas-informativas-a-partir-del-29-5-2024-h-asta-el-19-06-2024\/\" class=\"more-link\">Continue reading<span class=\"screen-reader-text\"> &ldquo;Concurso: Programa Regional de Eficiencia Energ\u00e9tica de Siemens 2024 (Charlas informativas a partir del 29\/5\/2024 h asta el 19\/06\/2024)&rdquo;<\/span>&hellip;<\/a><\/div>\n","protected":false},"author":1,"featured_media":0,"comment_status":"closed","ping_status":"closed","sticky":false,"template":"","format":"standard","meta":{"_acf_changed":false,"jetpack_post_was_ever_published":false,"_jetpack_newsletter_access":"","_jetpack_dont_email_post_to_subs":false,"_jetpack_newsletter_tier_id":0,"_jetpack_memberships_contains_paywalled_content":false,"_jetpack_memberships_contains_paid_content":false,"footnotes":"","jetpack_publicize_message":"","jetpack_publicize_feature_enabled":true,"jetpack_social_post_already_shared":true,"jetpack_social_options":{"image_generator_settings":{"template":"highway","default_image_id":0,"font":"","enabled":false},"version":2}},"categories":[11],"tags":[],"class_list":["post-3928","post","type-post","status-publish","format-standard","hentry","category-dea","entry"],"acf":[],"jetpack_publicize_connections":[],"jetpack_featured_media_url":"","jetpack_sharing_enabled":true,"jetpack_shortlink":"https:\/\/wp.me\/paLbeA-11m","_links":{"self":[{"href":"https:\/\/dea.unsj.edu.ar\/principal\/wp-json\/wp\/v2\/posts\/3928","targetHints":{"allow":["GET"]}}],"collection":[{"href":"https:\/\/dea.unsj.edu.ar\/principal\/wp-json\/wp\/v2\/posts"}],"about":[{"href":"https:\/\/dea.unsj.edu.ar\/principal\/wp-json\/wp\/v2\/types\/post"}],"author":[{"embeddable":true,"href":"https:\/\/dea.unsj.edu.ar\/principal\/wp-json\/wp\/v2\/users\/1"}],"replies":[{"embeddable":true,"href":"https:\/\/dea.unsj.edu.ar\/principal\/wp-json\/wp\/v2\/comments?post=3928"}],"version-history":[{"count":0,"href":"https:\/\/dea.unsj.edu.ar\/principal\/wp-json\/wp\/v2\/posts\/3928\/revisions"}],"wp:attachment":[{"href":"https:\/\/dea.unsj.edu.ar\/principal\/wp-json\/wp\/v2\/media?parent=3928"}],"wp:term":[{"taxonomy":"category","embeddable":true,"href":"https:\/\/dea.unsj.edu.ar\/principal\/wp-json\/wp\/v2\/categories?post=3928"},{"taxonomy":"post_tag","embeddable":true,"href":"https:\/\/dea.unsj.edu.ar\/principal\/wp-json\/wp\/v2\/tags?post=3928"}],"curies":[{"name":"wp","href":"https:\/\/api.w.org\/{rel}","templated":true}]}}