{"id":3904,"date":"2024-05-03T08:30:31","date_gmt":"2024-05-03T11:30:31","guid":{"rendered":"http:\/\/dea.unsj.edu.ar\/principal\/inscripcion-a-las-becas-para-el-desempeno-academico-para-ingresantes-2024-de-la-unsj-inscripciones-inge-nieria-6-5-2024-de-8-30-a-13\/"},"modified":"2024-05-03T08:30:31","modified_gmt":"2024-05-03T11:30:31","slug":"inscripcion-a-las-becas-para-el-desempeno-academico-para-ingresantes-2024-de-la-unsj-inscripciones-inge-nieria-6-5-2024-de-8-30-a-13","status":"publish","type":"post","link":"https:\/\/dea.unsj.edu.ar\/principal\/inscripcion-a-las-becas-para-el-desempeno-academico-para-ingresantes-2024-de-la-unsj-inscripciones-inge-nieria-6-5-2024-de-8-30-a-13\/","title":{"rendered":"Inscripci\u00f3n a las Becas para el Desempe\u00f1o Acad\u00e9mico para Ingresantes 2024 de la UNSJ (Inscripciones Inge nier\u00eda: 6\/5\/2024 de 8.30 a 13)"},"content":{"rendered":"<p>Las inscripciones son del 6 al 16 de mayo y est\u00e1n destinadas a ingresantes de los institutos preuniversitarios y de la Universidad.<\/p>\n<p>La Secretar\u00eda de Bienestar Universitario de la Universidad Nacional de San Juan (UNSJ) informa que entre el 6 y el 16 de mayo estar\u00e1n abiertas las inscripciones a las Becas para el Desempe\u00f1o Acad\u00e9mico destinadas a ingresantes 2024. Estas becas est\u00e1n dise\u00f1adas para reconocer y apoyar el esfuerzo y el compromiso de los\/as estudiantes con su formaci\u00f3n acad\u00e9mica en la Universidad Nacional de San Juan.<\/p>\n<p>Las personas interesadas deben registrar su inscripci\u00f3n<strong> de manera presencial<\/strong> en la Direcci\u00f3n de Servicio Social (localizada en la Facultad de Ingenier\u00eda, Avenida Libertador y Urquiza) seg\u00fan el siguiente cronograma para cada Unidad Acad\u00e9mica:<\/p>\n<ul>\n<li>6 de mayo \u2013 Facultad de Ingenier\u00eda- de 8.30 a 13.<\/li>\n<\/ul>\n<ul>\n<li>7 de mayo \u2013 Facultad de Ciencias Sociales de 10 a 12 y de 14 a 17.<\/li>\n<\/ul>\n<ul>\n<li>8 de mayo \u2013 Facultad de Ciencias Sociales de 8.30 a 13.<\/li>\n<\/ul>\n<ul>\n<li>9 de mayo \u2013 Facultad de Ciencias Exactas, F\u00edsicas y Naturales de 8.30 a 13.<\/li>\n<\/ul>\n<ul>\n<li>10 de mayo \u2013 Escuela Universitaria de Ciencias de la Salud de 8.30 a 13.<\/li>\n<\/ul>\n<ul>\n<li>13 de mayo \u2013 Facultad de Filosof\u00eda, Humanidades y Artes de 8.30 a 13.<\/li>\n<\/ul>\n<ul>\n<li>14 de mayo \u2013 Facultad de Filosof\u00eda, Humanidades y Artes de 10 a 12 y de 14 a 17.<\/li>\n<\/ul>\n<ul>\n<li>15 de mayo \u2013 Facultad de Arquitectura, Urbanismo y Dise\u00f1o de 8.30 a 13.<\/li>\n<\/ul>\n<ul>\n<li>16 de mayo \u2013 Institutos Preuniversitarias de 8.30 a 16.<\/li>\n<\/ul>\n<p>La documentaci\u00f3n a presentar es la siguiente:<\/p>\n<p><strong>Sobre Datos personales: <\/strong><\/p>\n<ul>\n<li>Fotocopia DNI, anverso y reverso, constancia CUIL, constancia alquiler.<\/li>\n<\/ul>\n<p><strong>Sobre estado acad\u00e9mico: <\/strong><\/p>\n<ul>\n<li>Estudiantes Ingresantes Preuniversitarios\/as deben presentar certificado con promedio general del nivel primario; y certificado del\/a Alumno\/a expedido por el Instituto al que asiste.<\/li>\n<\/ul>\n<ul>\n<li>Estudiantes Ingresantes Universitarios\/as deben presentar certificado anal\u00edtico y\/o Certificado con promedio general del ciclo secundario; y certificado de alumno\/a con estado universitario expedido por Departamento de Alumnos o SIU Guaran\u00ed.<\/li>\n<\/ul>\n<p><strong>Sobre situaci\u00f3n laboral<\/strong><\/p>\n<ul>\n<li>En el caso que se encuentren trabajando, deben presentar comprobantes de ingresos mensual o quincenal.<\/li>\n<\/ul>\n<ul>\n<li>Declaraci\u00f3n jurada para trabajadores\/as independientes y subocupados\/as (en el caso de ser Aut\u00f3nomos\/as, Monotributistas o Responsables Inscriptos\/as, deber\u00e1n adjuntar historial de facturas emitidas durante los meses de marzo y abril).<\/li>\n<\/ul>\n<p><strong> Sobre situaci\u00f3n socioecon\u00f3mica del grupo familiar<\/strong><\/p>\n<ul>\n<li>Trabajadores\/as en relaci\u00f3n de dependencia: \u00faltimo comprobante de ingreso (recibo de sueldo mensual o quincenal \u2013 presentar ambas quincenas del mismo mes). Per\u00edodo marzo\/abril del corriente a\u00f1o.<\/li>\n<\/ul>\n<ul>\n<li>Trabajadores\/as informales o subocupados\/as: completar modelos de Declaraci\u00f3n Jurada para quienes no tienen recibo de sueldo ni facturan en AFIP (descargar el modelo, del sitio <a href=\"https:\/\/linktr.ee\/bienestar_unsj\">https:\/\/linktr.ee\/bienestar_unsj<\/a>).<\/li>\n<\/ul>\n<ul>\n<li>Trabajadores\/as independientes: historial de facturas emitidas (durante marzo-abril) en el caso de ser Aut\u00f3nomos\/as, Monotributistas o Responsables Inscriptos\/as.<\/li>\n<\/ul>\n<ul>\n<li>Jubilados\/as y\/o pensionados\/as \u2013 Programas sociales\/subsidio por desempleo: recibo de jubilaci\u00f3n y\/o de pensi\u00f3n, seg\u00fan corresponda (tener en cuenta que, si cobran por cajero autom\u00e1tico pueden gestionar el comprobante de lo que perciben por ese medio). Per\u00edodo marzo -abril del corriente a\u00f1o.<\/li>\n<\/ul>\n<ul>\n<li>Desocupados\/as: Certificaci\u00f3n negativa de ANSES de quienes integran el grupo familiar y se encuentran desocupados\/as (mayores de 18 a\u00f1os). Se puede obtenerla en el siguiente enlace: <a href=\"https:\/\/servicioswww.anses.gob.ar\/censite\/index.aspx\">https:\/\/servicioswww.anses.gob.ar\/censite\/index.aspx<\/a><\/li>\n<\/ul>\n<p><strong> Otras Certificaciones<\/strong><\/p>\n<ul>\n<li>Certificaci\u00f3n negativa de todos\/as los\/as integrantes del grupo familiar conviviente (mayores y menores de edad).<\/li>\n<\/ul>\n<ul>\n<li>Certificado de Salud: en caso de ser necesario, certificado m\u00e9dico que constate tratamiento de salud de cualquier \u00edndole, tanto del\/a estudiante como de su grupo familiar conviviente<\/li>\n<\/ul>\n<p><strong> Importante a tener en cuenta<\/strong><\/p>\n<ul>\n<li>La documentaci\u00f3n requerida debe ser presentada en papel (fotocopia o impreso), legibles y actualizados.<\/li>\n<\/ul>\n<ul>\n<li>Los\/las estudiantes que por razones justificadas fehacientemente no puedan asistir personalmente, un familiar podr\u00e1 presentarse en su nombre con toda la documentaci\u00f3n. Caso contrario, deber\u00e1 comunicarse a los contactos oficiales de la Direcci\u00f3n de Servicio Social, dentro del plazo de la convocatoria, sin excepci\u00f3n.<\/li>\n<\/ul>\n<p>Ante cualquier dudas y preguntas ponerse con contacto con la Direcci\u00f3n de Servicio Social al siguiente mail:<br \/>\ndirecciondeserviciosocialunsj.<\/p>\n<p>Tel fijo: 4211700 Int 406<\/p>\n<p>Celular: 2646258023<\/p>\n","protected":false},"excerpt":{"rendered":"<div class=\"entry-summary\">\nLas inscripciones son del 6 al 16 de mayo y est\u00e1n destinadas a ingresantes de los institutos preuniversitarios y de&hellip;\n<\/div>\n<div class=\"link-more\"><a href=\"https:\/\/dea.unsj.edu.ar\/principal\/inscripcion-a-las-becas-para-el-desempeno-academico-para-ingresantes-2024-de-la-unsj-inscripciones-inge-nieria-6-5-2024-de-8-30-a-13\/\" class=\"more-link\">Continue reading<span class=\"screen-reader-text\"> &ldquo;Inscripci\u00f3n a las Becas para el Desempe\u00f1o Acad\u00e9mico para Ingresantes 2024 de la UNSJ (Inscripciones Inge nier\u00eda: 6\/5\/2024 de 8.30 a 13)&rdquo;<\/span>&hellip;<\/a><\/div>\n","protected":false},"author":1,"featured_media":0,"comment_status":"closed","ping_status":"closed","sticky":false,"template":"","format":"standard","meta":{"_acf_changed":false,"jetpack_post_was_ever_published":false,"_jetpack_newsletter_access":"","_jetpack_dont_email_post_to_subs":false,"_jetpack_newsletter_tier_id":0,"_jetpack_memberships_contains_paywalled_content":false,"_jetpack_memberships_contains_paid_content":false,"footnotes":"","jetpack_publicize_message":"","jetpack_publicize_feature_enabled":true,"jetpack_social_post_already_shared":true,"jetpack_social_options":{"image_generator_settings":{"template":"highway","default_image_id":0,"font":"","enabled":false},"version":2}},"categories":[11],"tags":[],"class_list":["post-3904","post","type-post","status-publish","format-standard","hentry","category-dea","entry"],"acf":[],"jetpack_publicize_connections":[],"jetpack_featured_media_url":"","jetpack_sharing_enabled":true,"jetpack_shortlink":"https:\/\/wp.me\/paLbeA-10Y","_links":{"self":[{"href":"https:\/\/dea.unsj.edu.ar\/principal\/wp-json\/wp\/v2\/posts\/3904","targetHints":{"allow":["GET"]}}],"collection":[{"href":"https:\/\/dea.unsj.edu.ar\/principal\/wp-json\/wp\/v2\/posts"}],"about":[{"href":"https:\/\/dea.unsj.edu.ar\/principal\/wp-json\/wp\/v2\/types\/post"}],"author":[{"embeddable":true,"href":"https:\/\/dea.unsj.edu.ar\/principal\/wp-json\/wp\/v2\/users\/1"}],"replies":[{"embeddable":true,"href":"https:\/\/dea.unsj.edu.ar\/principal\/wp-json\/wp\/v2\/comments?post=3904"}],"version-history":[{"count":0,"href":"https:\/\/dea.unsj.edu.ar\/principal\/wp-json\/wp\/v2\/posts\/3904\/revisions"}],"wp:attachment":[{"href":"https:\/\/dea.unsj.edu.ar\/principal\/wp-json\/wp\/v2\/media?parent=3904"}],"wp:term":[{"taxonomy":"category","embeddable":true,"href":"https:\/\/dea.unsj.edu.ar\/principal\/wp-json\/wp\/v2\/categories?post=3904"},{"taxonomy":"post_tag","embeddable":true,"href":"https:\/\/dea.unsj.edu.ar\/principal\/wp-json\/wp\/v2\/tags?post=3904"}],"curies":[{"name":"wp","href":"https:\/\/api.w.org\/{rel}","templated":true}]}}