{"id":3901,"date":"2024-05-03T08:11:16","date_gmt":"2024-05-03T11:11:16","guid":{"rendered":"http:\/\/dea.unsj.edu.ar\/principal\/?p=3901"},"modified":"2024-05-03T08:11:16","modified_gmt":"2024-05-03T11:11:16","slug":"amplian-la-fecha-de-inscripcion-a-las-becas-progresar-hasta-el-17-5-2024","status":"publish","type":"post","link":"https:\/\/dea.unsj.edu.ar\/principal\/amplian-la-fecha-de-inscripcion-a-las-becas-progresar-hasta-el-17-5-2024\/","title":{"rendered":"Ampl\u00edan la Fecha de Inscripci\u00f3n a las Becas Progresar (hasta el 17\/5\/2024)"},"content":{"rendered":"<p>Se anunci\u00f3 la extensi\u00f3n del per\u00edodo de inscripci\u00f3n a las Becas Progresar hasta el 17 de mayo para las l\u00edneas de Nivel Obligatorio y Nivel Superior. La l\u00ednea de Progresar Trabajo mantiene abierta su inscripci\u00f3n hasta el 30 de noviembre.<\/p>\n<p>\u201cEsta pr\u00f3rroga brinda una oportunidad adicional para que los estudiantes puedan solicitar la beca de apoyo educativo\u201d, as\u00ed se destac\u00f3 desde la Secretar\u00eda de Educaci\u00f3n, dependiente del Ministerio de Capital Humano.<\/p>\n<p>A continuaci\u00f3n, se detallan las nuevas fechas establecidas:<\/p>\n<ul>\n<li>Inscripci\u00f3n: Del 10 de abril al 17 de mayo.<\/li>\n<\/ul>\n<ul>\n<li>Certificaci\u00f3n acad\u00e9mica: Del 22 de abril al 24 de mayo.<\/li>\n<\/ul>\n<p>Progresar Obligatorio est\u00e1 dirigido a estudiantes de entre 16 y 24 a\u00f1os y Progresar Superior a estudiantes de entre 17 y 24 a\u00f1os, o hasta 30 a\u00f1os si est\u00e1n avanzados en la carrera. Cabe destacar que en el caso de Enfermer\u00eda, no hay l\u00edmite de edad.<\/p>\n<p>El requisito es que la suma de los ingresos familiares no supere la suma de tres salarios m\u00ednimos vitales y m\u00f3viles.<\/p>\n<p>La inscripci\u00f3n debe realizarse a trav\u00e9s del siguiente enlace<\/p>\n<p><a href=\"https:\/\/www.argentina.gob.ar\/educacion\/progresar\">https:\/\/www.argentina.gob.ar\/educacion\/progresar<\/a><\/p>\n<h1>Educaci\u00f3n superior<\/h1>\n<p> <strong>Para que todos los j\u00f3venes puedan completar su carrera universitaria o terciaria<\/strong><\/p>\n<p><strong>A qui\u00e9nes les corresponde<\/strong><\/p>\n<ul>\n<li>J\u00f3venes entre 18 y 24 a\u00f1os cumplidos.<\/li>\n<li>Personas con hijos menores de 18 a\u00f1os pertenecientes a hogares monoparentales, hasta 35 a\u00f1os.<\/li>\n<li>Personas trans, de pueblos ind\u00edgenas, con discapacidad o refugiadas, sin l\u00edmite de edad.<\/li>\n<li>Estudiantes avanzados en la carrera, hasta 30 a\u00f1os cumplidos<\/li>\n<li>Estudiantes de enfermer\u00eda, sin l\u00edmite de edad.<\/li>\n<\/ul>\n<p><strong>Requisitos<\/strong><\/p>\n<ul>\n<li>Ser argentino nativo; naturalizado o extranjero, con residencia legal de 5 a\u00f1os en el pa\u00eds y contar con DNI.<\/li>\n<li>Ser alumno regular de una instituci\u00f3n educativa.<\/li>\n<li>Tus ingresos y los de tu grupo familiar no deben ser superiores a 3 Salarios M\u00ednimos, Vitales y M\u00f3viles.<\/li>\n<\/ul>\n<p><strong>C\u00f3mo hacer el tr\u00e1mite<\/strong><\/p>\n<p><strong>El tr\u00e1mite se realiza por internet. <\/strong>Antes de inscribirte verificar en <a href=\"https:\/\/servicioscorp.anses.gob.ar\/clavelogon\/logon.aspx?system=miansesv2\">mi ANSES<\/a> que tengas todos tus datos personales y familiares actualizados.<\/p>\n<p>Paso a paso<\/p>\n<p><a href=\"https:\/\/www.argentina.gob.ar\/educacion\/progresar\/preguntas-frecuentes-progresar\"><strong>Consultar las preguntas frecuentes del programa.<\/strong><\/a><\/p>\n<p><a href=\"http:\/\/dea.unsj.edu.ar\/principal\/wp-content\/uploads\/2024\/05\/dfgnmflkfjoaopcc.png\" rel=\"attachment wp-att-3902\"><img loading=\"lazy\" decoding=\"async\" src=\"http:\/\/dea.unsj.edu.ar\/principal\/wp-content\/uploads\/2024\/05\/dfgnmflkfjoaopcc.png\" alt=\"\" title=\"dfgnmflkfjoaopcc-png\" width=\"1200\" height=\"1\" class=\"alignnone size-full wp-image-3902\" \/><\/a><\/p>\n","protected":false},"excerpt":{"rendered":"<div class=\"entry-summary\">\nSe anunci\u00f3 la extensi\u00f3n del per\u00edodo de inscripci\u00f3n a las Becas Progresar hasta el 17 de mayo para las l\u00edneas&hellip;\n<\/div>\n<div class=\"link-more\"><a href=\"https:\/\/dea.unsj.edu.ar\/principal\/amplian-la-fecha-de-inscripcion-a-las-becas-progresar-hasta-el-17-5-2024\/\" class=\"more-link\">Continue reading<span class=\"screen-reader-text\"> &ldquo;Ampl\u00edan la Fecha de Inscripci\u00f3n a las Becas Progresar (hasta el 17\/5\/2024)&rdquo;<\/span>&hellip;<\/a><\/div>\n","protected":false},"author":1,"featured_media":0,"comment_status":"closed","ping_status":"closed","sticky":false,"template":"","format":"standard","meta":{"_acf_changed":false,"jetpack_post_was_ever_published":false,"_jetpack_newsletter_access":"","_jetpack_dont_email_post_to_subs":false,"_jetpack_newsletter_tier_id":0,"_jetpack_memberships_contains_paywalled_content":false,"_jetpack_memberships_contains_paid_content":false,"footnotes":"","jetpack_publicize_message":"","jetpack_publicize_feature_enabled":true,"jetpack_social_post_already_shared":true,"jetpack_social_options":{"image_generator_settings":{"template":"highway","default_image_id":0,"font":"","enabled":false},"version":2}},"categories":[11],"tags":[],"class_list":["post-3901","post","type-post","status-publish","format-standard","hentry","category-dea","entry"],"acf":[],"jetpack_publicize_connections":[],"jetpack_featured_media_url":"","jetpack_sharing_enabled":true,"jetpack_shortlink":"https:\/\/wp.me\/paLbeA-10V","_links":{"self":[{"href":"https:\/\/dea.unsj.edu.ar\/principal\/wp-json\/wp\/v2\/posts\/3901","targetHints":{"allow":["GET"]}}],"collection":[{"href":"https:\/\/dea.unsj.edu.ar\/principal\/wp-json\/wp\/v2\/posts"}],"about":[{"href":"https:\/\/dea.unsj.edu.ar\/principal\/wp-json\/wp\/v2\/types\/post"}],"author":[{"embeddable":true,"href":"https:\/\/dea.unsj.edu.ar\/principal\/wp-json\/wp\/v2\/users\/1"}],"replies":[{"embeddable":true,"href":"https:\/\/dea.unsj.edu.ar\/principal\/wp-json\/wp\/v2\/comments?post=3901"}],"version-history":[{"count":0,"href":"https:\/\/dea.unsj.edu.ar\/principal\/wp-json\/wp\/v2\/posts\/3901\/revisions"}],"wp:attachment":[{"href":"https:\/\/dea.unsj.edu.ar\/principal\/wp-json\/wp\/v2\/media?parent=3901"}],"wp:term":[{"taxonomy":"category","embeddable":true,"href":"https:\/\/dea.unsj.edu.ar\/principal\/wp-json\/wp\/v2\/categories?post=3901"},{"taxonomy":"post_tag","embeddable":true,"href":"https:\/\/dea.unsj.edu.ar\/principal\/wp-json\/wp\/v2\/tags?post=3901"}],"curies":[{"name":"wp","href":"https:\/\/api.w.org\/{rel}","templated":true}]}}