{"id":3894,"date":"2024-04-26T11:48:14","date_gmt":"2024-04-26T14:48:14","guid":{"rendered":"http:\/\/dea.unsj.edu.ar\/principal\/concurso-de-antecedentes-abierto-para-cubrir-un-cargo-de-auxiliar-de-1-categoria-simple-caracter-ree-mplazante-del-30-de-abril-al-7-de-mayo\/"},"modified":"2024-04-26T11:48:14","modified_gmt":"2024-04-26T14:48:14","slug":"concurso-de-antecedentes-abierto-para-cubrir-un-cargo-de-auxiliar-de-1-categoria-simple-caracter-ree-mplazante-del-30-de-abril-al-7-de-mayo","status":"publish","type":"post","link":"https:\/\/dea.unsj.edu.ar\/principal\/concurso-de-antecedentes-abierto-para-cubrir-un-cargo-de-auxiliar-de-1-categoria-simple-caracter-ree-mplazante-del-30-de-abril-al-7-de-mayo\/","title":{"rendered":"Concurso de Antecedentes Abierto, para cubrir un cargo de Auxiliar de 1\u00b0 Categor\u00eda Simple, car\u00e1cter ree mplazante (del 30 de abril al 7 de mayo)"},"content":{"rendered":"<p>Estimados\/as<\/p>\n<p>Por este medio se convoca a la presentaci\u00f3n de antecedentes (CV, con probanzas) para <strong>Concurso Abierto<\/strong> de un cargo<strong> Auxiliar de 1\u00b0 Categor\u00eda, Car\u00e1cter Reemplazante y Dedicaci\u00f3n Simple<\/strong>, los requisitos que se requieren para este cargo se adjuntan en el <strong>Plan de Trabajo<\/strong>.<\/p>\n<p>Los postulantes tienen que ser egresados o pr\u00f3ximos a egresar (en los pr\u00f3ximos meses).<\/p>\n<p>Los CV (m\u00e1s probanzas), deber\u00e1n ser enviados al siguiente mail: sec_dea, durante el per\u00edodo del 30 de abril al 7 de mayo del corriente a\u00f1o.<\/p>\n<p>Departamento de Electr\u00f3nica y Autom\u00e1tica<\/p>\n<p><a href=\"http:\/\/dea.unsj.edu.ar\/principal\/\">http:\/\/dea.unsj.edu.ar\/principal\/<\/a><\/p>\n<p><strong>Plan de Trabajo<\/strong><\/p>\n<p>Asignaturas: Electr\u00f3nica Anal\u00f3gica I y Electr\u00f3nica Anal\u00f3gica II<\/p>\n<p>Carrera: Bioingenier\u00eda<\/p>\n<p>Cargo: Ayudante de 1era Categor\u00eda. Dedicaci\u00f3n Simple<\/p>\n<p><strong>Labor a desarrollar:<\/strong><\/p>\n<p>\u00b7 Responsable de la ejecuci\u00f3n de las Experiencias\/Pr\u00e1cticas de Laboratorio, direcci\u00f3n y coordinaci\u00f3n con los ayudantes.<\/p>\n<p>\u00b7 Participar del dise\u00f1o y desarrollo de nuevas Experiencia\/Pr\u00e1cticas de Laboratorio.<\/p>\n<p>\u00b7 Dictado de clases pr\u00e1cticas de Gabinete.<\/p>\n<p>\u00b7 Correcci\u00f3n de los informes de Laboratorio.<\/p>\n<p>\u00b7 Atenci\u00f3n de consultas sobre las pr\u00e1cticas de Laboratorio y problemas de Gabinete.<\/p>\n<p>\u00b7 B\u00fasqueda de ejercicios pr\u00e1cticos que sean de directa aplicaci\u00f3n en el mercado laboral de la bioingenier\u00eda. Ejecuci\u00f3n de estos ejercicios y su inclusi\u00f3n en las pr\u00e1cticas de Gabinete.<\/p>\n<p><strong>Capacidades deseables:<\/strong><\/p>\n<p>\u00b7 Antecedentes docentes.<\/p>\n<p>\u00b7 Dise\u00f1o de circuitos electr\u00f3nicos anal\u00f3gicos.<\/p>\n<p>\u00b7 Reparaci\u00f3n de equipos electr\u00f3nicos.<\/p>\n<p>\u00b7 Disponibilidad horaria (Ma\u00f1ana\/Tarde). Especificar d\u00edas y horarios.<\/p>\n<p>\u00b7 Manejo fluido de instrumental de laboratorio (Osciloscopio, mult\u00edmetro, frecuenc\u00edmetro, etc.)<\/p>\n<p>\u00b7 Dise\u00f1o de software de electr\u00f3nica (simulaci\u00f3n, PCB, etc.)<\/p>\n<p>\u00b7 Conocimientos de electr\u00f3nica de equipos m\u00e9dicos<\/p>\n<p>\u00b7 Habilidades de Trabajo en Equipo y Comunicaci\u00f3n.<\/p>\n<p>\u00b7 Compromiso de mejora continua.<\/p>\n","protected":false},"excerpt":{"rendered":"<div class=\"entry-summary\">\nEstimados\/as Por este medio se convoca a la presentaci\u00f3n de antecedentes (CV, con probanzas) para Concurso Abierto de un cargo&hellip;\n<\/div>\n<div class=\"link-more\"><a href=\"https:\/\/dea.unsj.edu.ar\/principal\/concurso-de-antecedentes-abierto-para-cubrir-un-cargo-de-auxiliar-de-1-categoria-simple-caracter-ree-mplazante-del-30-de-abril-al-7-de-mayo\/\" class=\"more-link\">Continue reading<span class=\"screen-reader-text\"> &ldquo;Concurso de Antecedentes Abierto, para cubrir un cargo de Auxiliar de 1\u00b0 Categor\u00eda Simple, car\u00e1cter ree mplazante (del 30 de abril al 7 de mayo)&rdquo;<\/span>&hellip;<\/a><\/div>\n","protected":false},"author":1,"featured_media":0,"comment_status":"closed","ping_status":"closed","sticky":false,"template":"","format":"standard","meta":{"_acf_changed":false,"jetpack_post_was_ever_published":false,"_jetpack_newsletter_access":"","_jetpack_dont_email_post_to_subs":false,"_jetpack_newsletter_tier_id":0,"_jetpack_memberships_contains_paywalled_content":false,"_jetpack_memberships_contains_paid_content":false,"footnotes":"","jetpack_publicize_message":"","jetpack_publicize_feature_enabled":true,"jetpack_social_post_already_shared":true,"jetpack_social_options":{"image_generator_settings":{"template":"highway","default_image_id":0,"font":"","enabled":false},"version":2}},"categories":[11],"tags":[],"class_list":["post-3894","post","type-post","status-publish","format-standard","hentry","category-dea","entry"],"acf":[],"jetpack_publicize_connections":[],"jetpack_featured_media_url":"","jetpack_sharing_enabled":true,"jetpack_shortlink":"https:\/\/wp.me\/paLbeA-10O","_links":{"self":[{"href":"https:\/\/dea.unsj.edu.ar\/principal\/wp-json\/wp\/v2\/posts\/3894","targetHints":{"allow":["GET"]}}],"collection":[{"href":"https:\/\/dea.unsj.edu.ar\/principal\/wp-json\/wp\/v2\/posts"}],"about":[{"href":"https:\/\/dea.unsj.edu.ar\/principal\/wp-json\/wp\/v2\/types\/post"}],"author":[{"embeddable":true,"href":"https:\/\/dea.unsj.edu.ar\/principal\/wp-json\/wp\/v2\/users\/1"}],"replies":[{"embeddable":true,"href":"https:\/\/dea.unsj.edu.ar\/principal\/wp-json\/wp\/v2\/comments?post=3894"}],"version-history":[{"count":0,"href":"https:\/\/dea.unsj.edu.ar\/principal\/wp-json\/wp\/v2\/posts\/3894\/revisions"}],"wp:attachment":[{"href":"https:\/\/dea.unsj.edu.ar\/principal\/wp-json\/wp\/v2\/media?parent=3894"}],"wp:term":[{"taxonomy":"category","embeddable":true,"href":"https:\/\/dea.unsj.edu.ar\/principal\/wp-json\/wp\/v2\/categories?post=3894"},{"taxonomy":"post_tag","embeddable":true,"href":"https:\/\/dea.unsj.edu.ar\/principal\/wp-json\/wp\/v2\/tags?post=3894"}],"curies":[{"name":"wp","href":"https:\/\/api.w.org\/{rel}","templated":true}]}}