{"id":3820,"date":"2024-03-14T08:54:54","date_gmt":"2024-03-14T11:54:54","guid":{"rendered":"http:\/\/dea.unsj.edu.ar\/principal\/curso-complementario-de-grado-desarrollo-de-competencias-para-el-mundo-laboral-gratuito-para-estudia-ntes-desde-el-20-3-2023\/"},"modified":"2024-03-14T08:54:54","modified_gmt":"2024-03-14T11:54:54","slug":"curso-complementario-de-grado-desarrollo-de-competencias-para-el-mundo-laboral-gratuito-para-estudia-ntes-desde-el-20-3-2023","status":"publish","type":"post","link":"https:\/\/dea.unsj.edu.ar\/principal\/curso-complementario-de-grado-desarrollo-de-competencias-para-el-mundo-laboral-gratuito-para-estudia-ntes-desde-el-20-3-2023\/","title":{"rendered":"Curso Complementario de Grado: \u201cDesarrollo de Competencias para el mundo laboral\u201d (Gratuito para estudia ntes, desde el 20\/3\/2023)"},"content":{"rendered":"<p>El Centro Universitario Tecnol\u00f3gico Educativo (CUTE) informa que el pr\u00f3ximo 20 de marzo iniciar\u00e1 el Curso Complementario de Grado denominado <strong>\u201cDesarrollo de Competencias para el mundo laboral\u201d. <\/strong>Est\u00e1 destinado a estudiantes avanzados\/as de Ingenier\u00eda, es de car\u00e1cter gratuito, con modalidad presencial y se dictar\u00e1 los d\u00edas mi\u00e9rcoles de 8 a 10.30, durante el primer semestre del 2024.<\/p>\n<p>Si bien estos contenidos de car\u00e1cter m\u00e1s human\u00edstico forman parte de una asignatura que se dicta en algunas carreras de Ingenier\u00eda, no es compartido para todo el estudiantado de la Facultad. Por lo que el a\u00f1o pasado se le ocurri\u00f3 al equipo de profesionales del CUTE integrado por las psic\u00f3logas Valeria Soria y Cecilia Ram\u00edrez, extender el dictado como un curso complementario, para todos\/as aquellos\/as estudiantes que necesiten y crean que estos contenidos puedan aportarle competencias orientadas a lo laboral.<\/p>\n<p>\u201cEn esta Facultad donde los contenidos que se dictan son m\u00e1s duros, -explicaba la docente Valeria Soria- nosotras les ayudamos a desarrollar las competencias blandas, que buscan las empresas en los\/as profesionales que ingresan a su staff\u201d.<\/p>\n<p>Antes de esta extensi\u00f3n a todos\/as los\/as estudiantes, se dictaba un curso breve orientado a la inserci\u00f3n laboral. Luego del replanteo que se hizo con la asignatura completa, los contenidos no s\u00f3lo apuntan a esta inserci\u00f3n, sino a adquirir habilidades vinculadas a las herramientas gerenciales y tambi\u00e9n al emprendedurismo\u201d, &#8211; agregaba Soria.<\/p>\n<p>Es as\u00ed que, en lo relacionado a la inserci\u00f3n laboral los contenidos se enfocan en ense\u00f1ar c\u00f3mo se arma un curriculum vitae, o una carta de presentaci\u00f3n y tambi\u00e9n se les instruye sobre qu\u00e9 hay que tener en cuenta en una entrevista laboral, entre otros temas. \u201cLa idea es aquel\/la estudiante pr\u00f3ximo\/a a recibirse, tuviera estas nociones de un trabajo m\u00e1s interno y m\u00e1s personal, vinculado a pensarse dentro de un \u00e1mbito laboral\u201d.<\/p>\n<p>Mientras que otros\/as estudiantes esperan ingresar en una empresa y se piensan en un camino de gerenciamiento. Por lo que a estos\/as se les ense\u00f1an habilidades vinculadas a las herramientas gerenciales, competencias que un\/a gerente debe tener para resolver cuestiones de la empresa, liderazgo, toma de decisiones, etc\u00e9tera.<\/p>\n<p>\u201cPor \u00faltimo, tambi\u00e9n nos encontramos -continu\u00f3 diciendo la docente- con estudiantes que pueden tener un perfil orientado m\u00e1s al emprendimiento y quieren generar un camino en ese sentido\u201d.<\/p>\n<p>Interesados\/as pueden inscribirse en el siguiente link: <a href=\"https:\/\/forms.gle\/ajQXuK8ER4UvbYAX9\">https:\/\/forms.gle\/ajQXuK8ER4UvbYAX9<\/a>; o presencialmente en la oficina del CUTE, situada al lado de la fotocopiadora de la Facultad de Ingenier\u00eda, hasta el 19 de marzo.<\/p>\n","protected":false},"excerpt":{"rendered":"<div class=\"entry-summary\">\nEl Centro Universitario Tecnol\u00f3gico Educativo (CUTE) informa que el pr\u00f3ximo 20 de marzo iniciar\u00e1 el Curso Complementario de Grado denominado&hellip;\n<\/div>\n<div class=\"link-more\"><a href=\"https:\/\/dea.unsj.edu.ar\/principal\/curso-complementario-de-grado-desarrollo-de-competencias-para-el-mundo-laboral-gratuito-para-estudia-ntes-desde-el-20-3-2023\/\" class=\"more-link\">Continue reading<span class=\"screen-reader-text\"> &ldquo;Curso Complementario de Grado: \u201cDesarrollo de Competencias para el mundo laboral\u201d (Gratuito para estudia ntes, desde el 20\/3\/2023)&rdquo;<\/span>&hellip;<\/a><\/div>\n","protected":false},"author":1,"featured_media":0,"comment_status":"closed","ping_status":"closed","sticky":false,"template":"","format":"standard","meta":{"_acf_changed":false,"jetpack_post_was_ever_published":false,"_jetpack_newsletter_access":"","_jetpack_dont_email_post_to_subs":false,"_jetpack_newsletter_tier_id":0,"_jetpack_memberships_contains_paywalled_content":false,"_jetpack_memberships_contains_paid_content":false,"footnotes":"","jetpack_publicize_message":"","jetpack_publicize_feature_enabled":true,"jetpack_social_post_already_shared":true,"jetpack_social_options":{"image_generator_settings":{"template":"highway","default_image_id":0,"font":"","enabled":false},"version":2}},"categories":[11],"tags":[],"class_list":["post-3820","post","type-post","status-publish","format-standard","hentry","category-dea","entry"],"acf":[],"jetpack_publicize_connections":[],"jetpack_featured_media_url":"","jetpack_sharing_enabled":true,"jetpack_shortlink":"https:\/\/wp.me\/paLbeA-ZC","_links":{"self":[{"href":"https:\/\/dea.unsj.edu.ar\/principal\/wp-json\/wp\/v2\/posts\/3820","targetHints":{"allow":["GET"]}}],"collection":[{"href":"https:\/\/dea.unsj.edu.ar\/principal\/wp-json\/wp\/v2\/posts"}],"about":[{"href":"https:\/\/dea.unsj.edu.ar\/principal\/wp-json\/wp\/v2\/types\/post"}],"author":[{"embeddable":true,"href":"https:\/\/dea.unsj.edu.ar\/principal\/wp-json\/wp\/v2\/users\/1"}],"replies":[{"embeddable":true,"href":"https:\/\/dea.unsj.edu.ar\/principal\/wp-json\/wp\/v2\/comments?post=3820"}],"version-history":[{"count":0,"href":"https:\/\/dea.unsj.edu.ar\/principal\/wp-json\/wp\/v2\/posts\/3820\/revisions"}],"wp:attachment":[{"href":"https:\/\/dea.unsj.edu.ar\/principal\/wp-json\/wp\/v2\/media?parent=3820"}],"wp:term":[{"taxonomy":"category","embeddable":true,"href":"https:\/\/dea.unsj.edu.ar\/principal\/wp-json\/wp\/v2\/categories?post=3820"},{"taxonomy":"post_tag","embeddable":true,"href":"https:\/\/dea.unsj.edu.ar\/principal\/wp-json\/wp\/v2\/tags?post=3820"}],"curies":[{"name":"wp","href":"https:\/\/api.w.org\/{rel}","templated":true}]}}