{"id":3730,"date":"2023-12-01T10:01:29","date_gmt":"2023-12-01T13:01:29","guid":{"rendered":"http:\/\/dea.unsj.edu.ar\/principal\/?p=3730"},"modified":"2023-12-01T10:01:29","modified_gmt":"2023-12-01T13:01:29","slug":"evento-virtual-de-la-universidad-a-la-industria-marvell-argentina-6-de-diciembre-de-2023-1700-hs-por-zoom","status":"publish","type":"post","link":"https:\/\/dea.unsj.edu.ar\/principal\/evento-virtual-de-la-universidad-a-la-industria-marvell-argentina-6-de-diciembre-de-2023-1700-hs-por-zoom\/","title":{"rendered":"Evento Virtual; &#8220;De la Universidad A la Industria&#8221; &#8211; Marvell Argentina (6 de diciembre de 2023, 17:00 hs, por Zoom)."},"content":{"rendered":"\n<p>Estimados Estudiantes, Egresados y Docentes<\/p>\n\n\n\n<p>Se ha recibido la invitaci\u00f3n de la Empresa MARVELL ARGENTINA para participar de un evento virtual en donde la empresa presenta su trabajo y sus innovaciones en el mundo de la tecnolog\u00eda.<\/p>\n\n\n\n<p>Departamento de Electr\u00f3nica y Autom\u00e1tica<\/p>\n\n\n\n<p><\/p>\n\n\n\n<p><strong>Universidad Nacional de San Juan<\/strong><\/p>\n\n\n\n<p>Es un honor dirigirnos a ustedes en esta ocasi\u00f3n para invitar a sus estudiantes y miembros de la comunidad acad\u00e9mica a participar en un evento virtual de gran relevancia que se llevar\u00e1 a cabo en los pr\u00f3ximos d\u00edas. Marvell Argentina, una empresa l\u00edder en tecnolog\u00eda y desarrollo, desea abrir sus puertas de manera virtual y presentar su trabajo y sus innovaciones en el mundo de la tecnolog\u00eda.<\/p>\n\n\n\n<p><strong><em><u>Detalles del Evento:<\/u><\/em><\/strong><\/p>\n\n\n\n<p><strong>Fecha:<\/strong> <em>6 de diciembre de 2023<\/em><\/p>\n\n\n\n<p><strong>Hora<em>:<\/em><\/strong><em> 5 PM<\/em><\/p>\n\n\n\n<p><strong>Plataforma:<\/strong> <em>Zoom<\/em><\/p>\n\n\n\n<p><strong>Destinatarios:<\/strong><\/p>\n\n\n\n<p>Estudiantes de grado*, posgrado e Ingenieros en electr\u00f3nica, computaci\u00f3n, sistemas, telecomunicaciones, Estudiantes de grado*, posgrado y Licenciados en Ciencias de la Computaci\u00f3n, y carreras afines. Profesores.<\/p>\n\n\n\n<p>(*Se recomienda asistencia de estudiantes avanzados de las carreras antes citadas, que est\u00e9n cursando el \u00faltimo a\u00f1o de la carrera o en proceso de desarrollo de tesis. )<\/p>\n\n\n\n<p><strong>Descripci\u00f3n:<\/strong><\/p>\n\n\n\n<p>Este evento tiene como objetivo brindar una visi\u00f3n integral de la empresa Marvell y la oportunidad de explorar las tecnolog\u00edas y soluciones en las que trabajamos. La estructura del evento ser\u00e1 la siguiente:<\/p>\n\n\n\n<p><strong><em>Sala General:<\/em><\/strong> En la sesi\u00f3n inicial, compartiremos una visi\u00f3n general de Marvell y sus actividades en Argentina. Conocer\u00e1n nuestra historia, nuestros valores y nuestra misi\u00f3n en el \u00e1mbito de la tecnolog\u00eda. Tambi\u00e9n destacaremos las oportunidades de colaboraci\u00f3n para estudiantes, investigadores y profesionales interesados en ser parte de nuestra empresa.<\/p>\n\n\n\n<p><strong><em>Salas T\u00e9cnicas:<\/em><\/strong> Posteriormente, el evento se dividir\u00e1 en varias salas t\u00e9cnicas, cada una dedicada a una tecnolog\u00eda espec\u00edfica en la que Marvell Argentina est\u00e1 involucrada. Los participantes tendr\u00e1n la oportunidad de interactuar con nuestros expertos, hacer preguntas detalladas y profundizar en \u00e1reas de su inter\u00e9s. Esta es una ocasi\u00f3n \u00fanica para conocer las \u00faltimas tendencias y desaf\u00edos en el campo de la tecnolog\u00eda.<\/p>\n\n\n\n<p>Como instituci\u00f3n acad\u00e9mica de renombre, su universidad juega un papel fundamental en la formaci\u00f3n y desarrollo de futuros profesionales. Creemos que esta colaboraci\u00f3n entre nuestra empresa y su comunidad educativa puede ser muy beneficiosa para ambas partes.<\/p>\n\n\n\n<p>Si sus estudiantes desean participar en este evento virtual, les pedimos que se registren a trav\u00e9s del enlace adjunto antes de la fecha l\u00edmite de inscripci\u00f3n.<\/p>\n\n\n\n<p><a href=\"https:\/\/forms.office.com\/r\/JeeC08DTBg\">https:\/\/forms.office.com\/r\/JeeC08DTBg<\/a><\/p>\n\n\n\n<p>Agradecemos de antemano su inter\u00e9s y colaboraci\u00f3n en la difusi\u00f3n de esta invitaci\u00f3n a sus estudiantes y miembros de la comunidad universitaria. Esperamos contar con una amplia participaci\u00f3n y fomentar la interacci\u00f3n entre Marvell Argentina y los talentosos individuos que conforman su universidad.<\/p>\n\n\n\n<p>Para cualquier consulta adicional, no duden en ponerse en contacto con nuestro equipo de organizaci\u00f3n a trav\u00e9s del correo electr\u00f3nico <a href=\"mailto:mbustos@marvell.com\">mbustos@marvell.com<\/a>.<\/p>\n\n\n\n<p>Esperamos ansiosos el honor de su presencia en este evento virtual y anticipamos un intercambio enriquecedor entre la comunidad acad\u00e9mica y el mundo de la tecnolog\u00eda de vanguardia.<\/p>\n\n\n\n<p>Atentamente,<\/p>\n\n\n\n<p><strong>Mar\u00eda Fernanda Bustos Jara<br><\/strong>Talent Acquisition Recruiter &#8211; Argentina<\/p>\n\n\n\n<p>Mobile: +54.9351.6719215<\/p>\n\n\n\n<p>E-mail: <a href=\"mailto:mbustos@marvell.com\">mbustos@marvell.com<\/a><\/p>\n\n\n\n<figure class=\"wp-block-image size-full\"><img loading=\"lazy\" decoding=\"async\" width=\"213\" height=\"40\" src=\"http:\/\/dea.unsj.edu.ar\/principal\/wp-content\/uploads\/2023\/12\/image.png\" alt=\"\" class=\"wp-image-3735\"\/><\/figure>\n\n\n\n<p><a href=\"https:\/\/urldefense.com\/v3\/__http:\/www.marvell.com\/__;!!Hj9Y_P0nvg!ENgaS6JYjIjaZ2qvCrxSx7YQ3ETxhRHYhWQQaJ1sDaj0x7lcNj7K-FuHRygmii_vsqAsJte4M8wGhyfb2Q$\">www.marvell.com<\/a><br><\/p>\n\n\n\n<figure class=\"wp-block-image size-full\"><img loading=\"lazy\" decoding=\"async\" width=\"567\" height=\"734\" src=\"http:\/\/dea.unsj.edu.ar\/principal\/wp-content\/uploads\/2023\/12\/image-1.png\" alt=\"\" class=\"wp-image-3736\" srcset=\"https:\/\/dea.unsj.edu.ar\/principal\/wp-content\/uploads\/2023\/12\/image-1.png 567w, https:\/\/dea.unsj.edu.ar\/principal\/wp-content\/uploads\/2023\/12\/image-1-232x300.png 232w\" sizes=\"auto, (max-width: 567px) 100vw, 567px\" \/><\/figure>\n","protected":false},"excerpt":{"rendered":"<div class=\"entry-summary\">\nEstimados Estudiantes, Egresados y Docentes Se ha recibido la invitaci\u00f3n de la Empresa MARVELL ARGENTINA para participar de un evento&hellip;\n<\/div>\n<div class=\"link-more\"><a href=\"https:\/\/dea.unsj.edu.ar\/principal\/evento-virtual-de-la-universidad-a-la-industria-marvell-argentina-6-de-diciembre-de-2023-1700-hs-por-zoom\/\" class=\"more-link\">Continue reading<span class=\"screen-reader-text\"> &ldquo;Evento Virtual; &#8220;De la Universidad A la Industria&#8221; &#8211; Marvell Argentina (6 de diciembre de 2023, 17:00 hs, por Zoom).&rdquo;<\/span>&hellip;<\/a><\/div>\n","protected":false},"author":1,"featured_media":0,"comment_status":"closed","ping_status":"closed","sticky":false,"template":"","format":"standard","meta":{"_acf_changed":false,"jetpack_post_was_ever_published":false,"_jetpack_newsletter_access":"","_jetpack_dont_email_post_to_subs":false,"_jetpack_newsletter_tier_id":0,"_jetpack_memberships_contains_paywalled_content":false,"_jetpack_memberships_contains_paid_content":false,"footnotes":"","jetpack_publicize_message":"","jetpack_publicize_feature_enabled":true,"jetpack_social_post_already_shared":true,"jetpack_social_options":{"image_generator_settings":{"template":"highway","default_image_id":0,"font":"","enabled":false},"version":2}},"categories":[11],"tags":[],"class_list":["post-3730","post","type-post","status-publish","format-standard","hentry","category-dea","entry"],"acf":[],"jetpack_publicize_connections":[],"jetpack_featured_media_url":"","jetpack_sharing_enabled":true,"jetpack_shortlink":"https:\/\/wp.me\/paLbeA-Ya","_links":{"self":[{"href":"https:\/\/dea.unsj.edu.ar\/principal\/wp-json\/wp\/v2\/posts\/3730","targetHints":{"allow":["GET"]}}],"collection":[{"href":"https:\/\/dea.unsj.edu.ar\/principal\/wp-json\/wp\/v2\/posts"}],"about":[{"href":"https:\/\/dea.unsj.edu.ar\/principal\/wp-json\/wp\/v2\/types\/post"}],"author":[{"embeddable":true,"href":"https:\/\/dea.unsj.edu.ar\/principal\/wp-json\/wp\/v2\/users\/1"}],"replies":[{"embeddable":true,"href":"https:\/\/dea.unsj.edu.ar\/principal\/wp-json\/wp\/v2\/comments?post=3730"}],"version-history":[{"count":0,"href":"https:\/\/dea.unsj.edu.ar\/principal\/wp-json\/wp\/v2\/posts\/3730\/revisions"}],"wp:attachment":[{"href":"https:\/\/dea.unsj.edu.ar\/principal\/wp-json\/wp\/v2\/media?parent=3730"}],"wp:term":[{"taxonomy":"category","embeddable":true,"href":"https:\/\/dea.unsj.edu.ar\/principal\/wp-json\/wp\/v2\/categories?post=3730"},{"taxonomy":"post_tag","embeddable":true,"href":"https:\/\/dea.unsj.edu.ar\/principal\/wp-json\/wp\/v2\/tags?post=3730"}],"curies":[{"name":"wp","href":"https:\/\/api.w.org\/{rel}","templated":true}]}}