{"id":3726,"date":"2023-11-14T19:34:43","date_gmt":"2023-11-14T22:34:43","guid":{"rendered":"http:\/\/dea.unsj.edu.ar\/principal\/?p=3726"},"modified":"2023-11-14T19:34:43","modified_gmt":"2023-11-14T22:34:43","slug":"convocatoria-a-inscripcion-para-becas-de-apoyo-al-desempeno-academico-2024-desde-el-17-de-noviembre-al-1-0-de-diciembre-de-2023","status":"publish","type":"post","link":"https:\/\/dea.unsj.edu.ar\/principal\/convocatoria-a-inscripcion-para-becas-de-apoyo-al-desempeno-academico-2024-desde-el-17-de-noviembre-al-1-0-de-diciembre-de-2023\/","title":{"rendered":"Convocatoria a inscripci\u00f3n para Becas de Apoyo al Desempe\u00f1o Acad\u00e9mico 2024 (desde el 17 de noviembre al 1 0 de diciembre de 2023)"},"content":{"rendered":"<p>Es para el Per\u00edodo 2024. Se benefician estudiantes regulares que cursan niveles universitario y preuniversitario. La inscripci\u00f3n podr\u00e1 ser virtual o presencial.<\/p>\n<p>La Secretar\u00eda de Bienestar Universitario de la UNSJ, a trav\u00e9s de la Direcci\u00f3n de Servicio Social, comunica que <strong>desde el 17 de noviembre al 10 de diciembre de 2023<\/strong> se realizar\u00e1 la apertura de la Convocatoria de inscripci\u00f3n a las Becas de Apoyo al Desempe\u00f1o Acad\u00e9mico &#8211; Periodo 2024. Es para estudiantes regulares que cursan tanto el nivel universitario como el preuniversitario.<\/p>\n<p><strong>La modalidad de inscripci\u00f3n puede ser virtual o presencial en las unidades seg\u00fan cronograma adjunto<\/strong>.<\/p>\n<p>En PDF adjunto se explica toda la documentaci\u00f3n que deben subir al sistema, o llevar impresa en el caso de hacerlo por la modalidad presencial.<\/p>\n<p>En <a href=\"https:\/\/linktr.ee\/bienestar_unsj\"><strong>este enlace<\/strong><\/a> los y las estudiantes podr\u00e1n descargar la planilla familiar y la declaraci\u00f3n jurada para trabajadores\/as subocupados\/as seg\u00fan corresponda (se adjuntan tambi\u00e9n en formato PDF)<\/p>\n<p>En el <a href=\"https:\/\/linktr.ee\/bienestar_unsj\"><strong>mismo enlace<\/strong><\/a>, el d\u00eda 17 de noviembre se habilitar\u00e1 el acceso para la inscripci\u00f3n virtual.<\/p>\n<p><em>Imagen de portada: Paula Far\u00edas <\/em><\/p>\n<p>Archivos:<\/p>\n<ul>\n<li><a href=\"https:\/\/www.unsj.edu.ar\/panel_unsj\/archivos\/noticias\/INSCRIPCIONBECA_7806_051.pdf\"> INSCRIPCIONBECA_7806_051.pdf <\/a><\/li>\n<li><a href=\"https:\/\/www.unsj.edu.ar\/panel_unsj\/archivos\/noticias\/MODELODEPLANILL_7806_151.pdf\"> MODELODEPLANILL_7806_151.pdf <\/a><\/li>\n<li><a href=\"https:\/\/www.unsj.edu.ar\/panel_unsj\/archivos\/noticias\/MODELODECLARACI_7806_251.pdf\"> MODELODECLARACI_7806_251.pdf <\/a><\/li>\n<\/ul>\n<p><a href=\"http:\/\/dea.unsj.edu.ar\/principal\/wp-content\/uploads\/2023\/11\/eobgbbfbmfojpdpe.png\" rel=\"attachment wp-att-3727\"><img loading=\"lazy\" decoding=\"async\" src=\"http:\/\/dea.unsj.edu.ar\/principal\/wp-content\/uploads\/2023\/11\/eobgbbfbmfojpdpe.png\" alt=\"\" title=\"eobgbbfbmfojpdpe-png\" width=\"1200\" height=\"1\" class=\"alignnone size-full wp-image-3727\" \/><\/a><\/p>\n","protected":false},"excerpt":{"rendered":"<div class=\"entry-summary\">\nEs para el Per\u00edodo 2024. Se benefician estudiantes regulares que cursan niveles universitario y preuniversitario. La inscripci\u00f3n podr\u00e1 ser virtual&hellip;\n<\/div>\n<div class=\"link-more\"><a href=\"https:\/\/dea.unsj.edu.ar\/principal\/convocatoria-a-inscripcion-para-becas-de-apoyo-al-desempeno-academico-2024-desde-el-17-de-noviembre-al-1-0-de-diciembre-de-2023\/\" class=\"more-link\">Continue reading<span class=\"screen-reader-text\"> &ldquo;Convocatoria a inscripci\u00f3n para Becas de Apoyo al Desempe\u00f1o Acad\u00e9mico 2024 (desde el 17 de noviembre al 1 0 de diciembre de 2023)&rdquo;<\/span>&hellip;<\/a><\/div>\n","protected":false},"author":1,"featured_media":0,"comment_status":"closed","ping_status":"closed","sticky":false,"template":"","format":"standard","meta":{"_acf_changed":false,"jetpack_post_was_ever_published":false,"_jetpack_newsletter_access":"","_jetpack_dont_email_post_to_subs":false,"_jetpack_newsletter_tier_id":0,"_jetpack_memberships_contains_paywalled_content":false,"_jetpack_memberships_contains_paid_content":false,"footnotes":"","jetpack_publicize_message":"","jetpack_publicize_feature_enabled":true,"jetpack_social_post_already_shared":true,"jetpack_social_options":{"image_generator_settings":{"template":"highway","default_image_id":0,"font":"","enabled":false},"version":2}},"categories":[11],"tags":[],"class_list":["post-3726","post","type-post","status-publish","format-standard","hentry","category-dea","entry"],"acf":[],"jetpack_publicize_connections":[],"jetpack_featured_media_url":"","jetpack_sharing_enabled":true,"jetpack_shortlink":"https:\/\/wp.me\/paLbeA-Y6","_links":{"self":[{"href":"https:\/\/dea.unsj.edu.ar\/principal\/wp-json\/wp\/v2\/posts\/3726","targetHints":{"allow":["GET"]}}],"collection":[{"href":"https:\/\/dea.unsj.edu.ar\/principal\/wp-json\/wp\/v2\/posts"}],"about":[{"href":"https:\/\/dea.unsj.edu.ar\/principal\/wp-json\/wp\/v2\/types\/post"}],"author":[{"embeddable":true,"href":"https:\/\/dea.unsj.edu.ar\/principal\/wp-json\/wp\/v2\/users\/1"}],"replies":[{"embeddable":true,"href":"https:\/\/dea.unsj.edu.ar\/principal\/wp-json\/wp\/v2\/comments?post=3726"}],"version-history":[{"count":0,"href":"https:\/\/dea.unsj.edu.ar\/principal\/wp-json\/wp\/v2\/posts\/3726\/revisions"}],"wp:attachment":[{"href":"https:\/\/dea.unsj.edu.ar\/principal\/wp-json\/wp\/v2\/media?parent=3726"}],"wp:term":[{"taxonomy":"category","embeddable":true,"href":"https:\/\/dea.unsj.edu.ar\/principal\/wp-json\/wp\/v2\/categories?post=3726"},{"taxonomy":"post_tag","embeddable":true,"href":"https:\/\/dea.unsj.edu.ar\/principal\/wp-json\/wp\/v2\/tags?post=3726"}],"curies":[{"name":"wp","href":"https:\/\/api.w.org\/{rel}","templated":true}]}}