{"id":3701,"date":"2023-09-28T18:26:43","date_gmt":"2023-09-28T21:26:43","guid":{"rendered":"http:\/\/dea.unsj.edu.ar\/principal\/?p=3701"},"modified":"2023-09-28T18:26:43","modified_gmt":"2023-09-28T21:26:43","slug":"felicitamos-a-los-alumnos-de-ingenieria-electronica-y-bioingenieria-que-fueron-designados-en-el-cuerpo-de-b-andera-de-la-fi-2023-2024","status":"publish","type":"post","link":"https:\/\/dea.unsj.edu.ar\/principal\/felicitamos-a-los-alumnos-de-ingenieria-electronica-y-bioingenieria-que-fueron-designados-en-el-cuerpo-de-b-andera-de-la-fi-2023-2024\/","title":{"rendered":"Felicitamos a los Alumnos de Ingenier\u00eda Electr\u00f3nica y Bioingenier\u00eda que fueron designados en el Cuerpo de B andera de la FI 2023-2024"},"content":{"rendered":"<p>El martes 26 de septiembre se realiz\u00f3 el Acto de Designaci\u00f3n de los integrantes del Cuerpo de Bandera de la Facultad de Ingenier\u00eda 2023-2024. La ceremonia tuvo lugar en el Sal\u00f3n de Actos del Instituto de Energ\u00eda El\u00e9ctrica UNSJ-CONICET y cont\u00f3 con la presencia de autoridades de esta unidad acad\u00e9mica, profesores, y familiares de los estudiantes.<\/p>\n<p>La Facultad de Ingenier\u00eda, de este modo, cuenta a partir de esta semana con un Cuerpo de Bandera que acompa\u00f1ar\u00e1 actos acad\u00e9micos y patrios durante todo el ciclo pr\u00f3ximo. Los integrantes son los siguientes:<\/p>\n<ul>\n<li>Abanderado: SEBASTI\u00c1N, Juan Ignacio<\/li>\n<li>Primer escolta: ZIZZI CABANAY, Juan Rafael<\/li>\n<li>Segundo escolta: CASTRO, Santiago Nicol\u00e1s<\/li>\n<li>Primera escolta suplente: MORALES MALDONADO, Mar\u00eda Valentina<\/li>\n<li>Segundo escolta suplente: FLORES, Nicol\u00e1s Valent\u00edn<\/li>\n<li>Tercer escolta suplente: PUEBLA VALDES, Nicol\u00e1s Alberto<\/li>\n<li>Cuarto escolta suplente: GUERRA, Jorge David<\/li>\n<\/ul>\n\n","protected":false},"excerpt":{"rendered":"<div class=\"entry-summary\">\nEl martes 26 de septiembre se realiz\u00f3 el Acto de Designaci\u00f3n de los integrantes del Cuerpo de Bandera de la&hellip;\n<\/div>\n<div class=\"link-more\"><a href=\"https:\/\/dea.unsj.edu.ar\/principal\/felicitamos-a-los-alumnos-de-ingenieria-electronica-y-bioingenieria-que-fueron-designados-en-el-cuerpo-de-b-andera-de-la-fi-2023-2024\/\" class=\"more-link\">Continue reading<span class=\"screen-reader-text\"> &ldquo;Felicitamos a los Alumnos de Ingenier\u00eda Electr\u00f3nica y Bioingenier\u00eda que fueron designados en el Cuerpo de B andera de la FI 2023-2024&rdquo;<\/span>&hellip;<\/a><\/div>\n","protected":false},"author":1,"featured_media":0,"comment_status":"closed","ping_status":"closed","sticky":false,"template":"","format":"standard","meta":{"_acf_changed":false,"jetpack_post_was_ever_published":false,"_jetpack_newsletter_access":"","_jetpack_dont_email_post_to_subs":false,"_jetpack_newsletter_tier_id":0,"_jetpack_memberships_contains_paywalled_content":false,"_jetpack_memberships_contains_paid_content":false,"footnotes":"","jetpack_publicize_message":"","jetpack_publicize_feature_enabled":true,"jetpack_social_post_already_shared":true,"jetpack_social_options":{"image_generator_settings":{"template":"highway","default_image_id":0,"font":"","enabled":false},"version":2}},"categories":[11],"tags":[],"class_list":["post-3701","post","type-post","status-publish","format-standard","hentry","category-dea","entry"],"acf":[],"jetpack_publicize_connections":[],"jetpack_featured_media_url":"","jetpack_sharing_enabled":true,"jetpack_shortlink":"https:\/\/wp.me\/paLbeA-XH","_links":{"self":[{"href":"https:\/\/dea.unsj.edu.ar\/principal\/wp-json\/wp\/v2\/posts\/3701","targetHints":{"allow":["GET"]}}],"collection":[{"href":"https:\/\/dea.unsj.edu.ar\/principal\/wp-json\/wp\/v2\/posts"}],"about":[{"href":"https:\/\/dea.unsj.edu.ar\/principal\/wp-json\/wp\/v2\/types\/post"}],"author":[{"embeddable":true,"href":"https:\/\/dea.unsj.edu.ar\/principal\/wp-json\/wp\/v2\/users\/1"}],"replies":[{"embeddable":true,"href":"https:\/\/dea.unsj.edu.ar\/principal\/wp-json\/wp\/v2\/comments?post=3701"}],"version-history":[{"count":0,"href":"https:\/\/dea.unsj.edu.ar\/principal\/wp-json\/wp\/v2\/posts\/3701\/revisions"}],"wp:attachment":[{"href":"https:\/\/dea.unsj.edu.ar\/principal\/wp-json\/wp\/v2\/media?parent=3701"}],"wp:term":[{"taxonomy":"category","embeddable":true,"href":"https:\/\/dea.unsj.edu.ar\/principal\/wp-json\/wp\/v2\/categories?post=3701"},{"taxonomy":"post_tag","embeddable":true,"href":"https:\/\/dea.unsj.edu.ar\/principal\/wp-json\/wp\/v2\/tags?post=3701"}],"curies":[{"name":"wp","href":"https:\/\/api.w.org\/{rel}","templated":true}]}}