{"id":3695,"date":"2023-08-24T19:40:56","date_gmt":"2023-08-24T22:40:56","guid":{"rendered":"http:\/\/dea.unsj.edu.ar\/principal\/trabajo-final-de-vladimir-marcos-vega-viernes-25-08-2023-a-las-1600-hs-en-la-sala-de-conferencias-del-iinaut\/"},"modified":"2023-08-24T19:40:56","modified_gmt":"2023-08-24T22:40:56","slug":"trabajo-final-de-vladimir-marcos-vega-viernes-25-08-2023-a-las-1600-hs-en-la-sala-de-conferencias-del-iinaut","status":"publish","type":"post","link":"https:\/\/dea.unsj.edu.ar\/principal\/trabajo-final-de-vladimir-marcos-vega-viernes-25-08-2023-a-las-1600-hs-en-la-sala-de-conferencias-del-iinaut\/","title":{"rendered":"Trabajo Final de Vladimir Marcos Vega (Viernes 25\/08\/2023 a las 16:00 hs en la Sala de Conferencias del IINAUT)"},"content":{"rendered":"<p>Estimados Docentes, Alumnos y Egresados<\/p>\n<p>En nombre de la Comisi\u00f3n de Trabajos Finales de la carrera de Ingenier\u00eda Electr\u00f3nica invitamos a la exposici\u00f3n del siguiente Trabajo Final:<\/p>\n<ul>\n<li>Autor: Vladimir Marcos Vega<\/li>\n<li>T\u00edtulo del Trabajo: \u201cServicio soporte de diagn\u00f3stico m\u00e9dico utilizando inteligencia artificial\u201d<\/li>\n<li>Fecha y Lugar: Viernes 25\/08\/2023 a las 16:00 hs en la Sala de Conferencias del Instituto de Autom\u00e1tica.<\/li>\n<li>Asesores: Dr. Ing. Claudio Rosales, Dr. Ing. Franco Penizzotto Bacha, Ing. Jerem\u00edas Gaia y Tec. Nicol\u00e1s Reta<\/li>\n<li>Tribunal Examinador: Dr. Ing. Eugenio Orosco, Dr. Ing. Claudio Rosales, Dr. Ing. Juan Pablo Graffigna Vaggione y el Dr. Ing. Daniel Ceferino Gandolfo<\/li>\n<\/ul>\n<p>Compartamos con \u00e9l este grato momento.<\/p>\n<p>Departamento de Electr\u00f3nica y Autom\u00e1tica<\/p>\n","protected":false},"excerpt":{"rendered":"<div class=\"entry-summary\">\nEstimados Docentes, Alumnos y Egresados En nombre de la Comisi\u00f3n de Trabajos Finales de la carrera de Ingenier\u00eda Electr\u00f3nica invitamos&hellip;\n<\/div>\n<div class=\"link-more\"><a href=\"https:\/\/dea.unsj.edu.ar\/principal\/trabajo-final-de-vladimir-marcos-vega-viernes-25-08-2023-a-las-1600-hs-en-la-sala-de-conferencias-del-iinaut\/\" class=\"more-link\">Continue reading<span class=\"screen-reader-text\"> &ldquo;Trabajo Final de Vladimir Marcos Vega (Viernes 25\/08\/2023 a las 16:00 hs en la Sala de Conferencias del IINAUT)&rdquo;<\/span>&hellip;<\/a><\/div>\n","protected":false},"author":1,"featured_media":0,"comment_status":"closed","ping_status":"closed","sticky":false,"template":"","format":"standard","meta":{"_acf_changed":false,"jetpack_post_was_ever_published":false,"_jetpack_newsletter_access":"","_jetpack_dont_email_post_to_subs":false,"_jetpack_newsletter_tier_id":0,"_jetpack_memberships_contains_paywalled_content":false,"_jetpack_memberships_contains_paid_content":false,"footnotes":"","jetpack_publicize_message":"","jetpack_publicize_feature_enabled":true,"jetpack_social_post_already_shared":true,"jetpack_social_options":{"image_generator_settings":{"template":"highway","default_image_id":0,"font":"","enabled":false},"version":2}},"categories":[11],"tags":[],"class_list":["post-3695","post","type-post","status-publish","format-standard","hentry","category-dea","entry"],"acf":[],"jetpack_publicize_connections":[],"jetpack_featured_media_url":"","jetpack_sharing_enabled":true,"jetpack_shortlink":"https:\/\/wp.me\/paLbeA-XB","_links":{"self":[{"href":"https:\/\/dea.unsj.edu.ar\/principal\/wp-json\/wp\/v2\/posts\/3695","targetHints":{"allow":["GET"]}}],"collection":[{"href":"https:\/\/dea.unsj.edu.ar\/principal\/wp-json\/wp\/v2\/posts"}],"about":[{"href":"https:\/\/dea.unsj.edu.ar\/principal\/wp-json\/wp\/v2\/types\/post"}],"author":[{"embeddable":true,"href":"https:\/\/dea.unsj.edu.ar\/principal\/wp-json\/wp\/v2\/users\/1"}],"replies":[{"embeddable":true,"href":"https:\/\/dea.unsj.edu.ar\/principal\/wp-json\/wp\/v2\/comments?post=3695"}],"version-history":[{"count":0,"href":"https:\/\/dea.unsj.edu.ar\/principal\/wp-json\/wp\/v2\/posts\/3695\/revisions"}],"wp:attachment":[{"href":"https:\/\/dea.unsj.edu.ar\/principal\/wp-json\/wp\/v2\/media?parent=3695"}],"wp:term":[{"taxonomy":"category","embeddable":true,"href":"https:\/\/dea.unsj.edu.ar\/principal\/wp-json\/wp\/v2\/categories?post=3695"},{"taxonomy":"post_tag","embeddable":true,"href":"https:\/\/dea.unsj.edu.ar\/principal\/wp-json\/wp\/v2\/tags?post=3695"}],"curies":[{"name":"wp","href":"https:\/\/api.w.org\/{rel}","templated":true}]}}