{"id":3688,"date":"2023-08-14T18:32:35","date_gmt":"2023-08-14T21:32:35","guid":{"rendered":"http:\/\/dea.unsj.edu.ar\/principal\/becas-internas-de-investigacion-y-creacion-inscripciones-a-convocatoria-2023-desde-14-8-2023-al-15-9-2023\/"},"modified":"2023-08-14T18:32:35","modified_gmt":"2023-08-14T21:32:35","slug":"becas-internas-de-investigacion-y-creacion-inscripciones-a-convocatoria-2023-desde-14-8-2023-al-15-9-2023","status":"publish","type":"post","link":"https:\/\/dea.unsj.edu.ar\/principal\/becas-internas-de-investigacion-y-creacion-inscripciones-a-convocatoria-2023-desde-14-8-2023-al-15-9-2023\/","title":{"rendered":"Becas Internas de Investigaci\u00f3n y Creaci\u00f3n &#8211; Inscripciones a Convocatoria 2023 (desde 14\/8\/2023 al 15\/9\/2023 )"},"content":{"rendered":"<p>Desde este lunes 14 de agosto hasta el 15 de septiembre estar\u00e1 vigente el per\u00edodo para registrarse.<\/p>\n<p>La Secretar\u00eda de Ciencia y T\u00e9cnica de la UNSJ llama a inscripci\u00f3n a Convocatoria 2023 de Becas Internas de Investigaci\u00f3n y Creaci\u00f3n. Desde este lunes 14 de agosto hasta el 15 de septiembre estar\u00e1 vigente el per\u00edodo para registrarse de cara a esta pol\u00edtica de la Universidad p\u00fablica de apoyo a la investigaci\u00f3n.<\/p>\n<p>Para Estudiantes avanzados y avanzadas habr\u00e1 70 (setenta) becas, y para Iniciaci\u00f3n, 15 (quince).<\/p>\n<p>La Ordenanza 13\/18 del Consejo Superior de la UNSJ establece el R\u00e9gimen de Becas Internas de Investigaci\u00f3n y Creaci\u00f3n. Su objetivo es estimular la formaci\u00f3n de recursos humanos a nivel de estudiantes, docentes y egresados de la UNSJ, en lo referente a la investigaci\u00f3n cient\u00edfica y el desarrollo tecnol\u00f3gico y art\u00edstico.<\/p>\n<p>En archivos adjuntos, toda la informaci\u00f3n.<\/p>\n<p>Archivos:<\/p>\n<ul>\n<li><a href=\"http:\/\/unsj.edu.ar\/panel_unsj\/archivos\/noticias\/CRONOGRAMACICIT_7481_044.doc\"> CRONOGRAMACICIT_7481_044.doc <\/a><\/li>\n<li><a href=\"http:\/\/unsj.edu.ar\/panel_unsj\/archivos\/noticias\/Llamadoainscrip_7481_144.doc\"> Llamadoainscrip_7481_144.doc <\/a><\/li>\n<li><a href=\"http:\/\/unsj.edu.ar\/panel_unsj\/archivos\/noticias\/instructivobeca_7481_244.pdf\"> instructivobeca_7481_244.pdf <\/a><\/li>\n<\/ul>\n<p><img decoding=\"async\" src=\"http:\/\/unsj.edu.ar\/panel_unsj\/img\/noticias\/2023-08-140947_slide_7481.jpg\" alt=\"...\" \/><\/p>\n","protected":false},"excerpt":{"rendered":"<div class=\"entry-summary\">\nDesde este lunes 14 de agosto hasta el 15 de septiembre estar\u00e1 vigente el per\u00edodo para registrarse. La Secretar\u00eda de&hellip;\n<\/div>\n<div class=\"link-more\"><a href=\"https:\/\/dea.unsj.edu.ar\/principal\/becas-internas-de-investigacion-y-creacion-inscripciones-a-convocatoria-2023-desde-14-8-2023-al-15-9-2023\/\" class=\"more-link\">Continue reading<span class=\"screen-reader-text\"> &ldquo;Becas Internas de Investigaci\u00f3n y Creaci\u00f3n &#8211; Inscripciones a Convocatoria 2023 (desde 14\/8\/2023 al 15\/9\/2023 )&rdquo;<\/span>&hellip;<\/a><\/div>\n","protected":false},"author":1,"featured_media":0,"comment_status":"closed","ping_status":"closed","sticky":false,"template":"","format":"standard","meta":{"_acf_changed":false,"jetpack_post_was_ever_published":false,"_jetpack_newsletter_access":"","_jetpack_dont_email_post_to_subs":false,"_jetpack_newsletter_tier_id":0,"_jetpack_memberships_contains_paywalled_content":false,"_jetpack_memberships_contains_paid_content":false,"footnotes":"","jetpack_publicize_message":"","jetpack_publicize_feature_enabled":true,"jetpack_social_post_already_shared":true,"jetpack_social_options":{"image_generator_settings":{"template":"highway","default_image_id":0,"font":"","enabled":false},"version":2}},"categories":[11],"tags":[],"class_list":["post-3688","post","type-post","status-publish","format-standard","hentry","category-dea","entry"],"acf":[],"jetpack_publicize_connections":[],"jetpack_featured_media_url":"","jetpack_sharing_enabled":true,"jetpack_shortlink":"https:\/\/wp.me\/paLbeA-Xu","_links":{"self":[{"href":"https:\/\/dea.unsj.edu.ar\/principal\/wp-json\/wp\/v2\/posts\/3688","targetHints":{"allow":["GET"]}}],"collection":[{"href":"https:\/\/dea.unsj.edu.ar\/principal\/wp-json\/wp\/v2\/posts"}],"about":[{"href":"https:\/\/dea.unsj.edu.ar\/principal\/wp-json\/wp\/v2\/types\/post"}],"author":[{"embeddable":true,"href":"https:\/\/dea.unsj.edu.ar\/principal\/wp-json\/wp\/v2\/users\/1"}],"replies":[{"embeddable":true,"href":"https:\/\/dea.unsj.edu.ar\/principal\/wp-json\/wp\/v2\/comments?post=3688"}],"version-history":[{"count":0,"href":"https:\/\/dea.unsj.edu.ar\/principal\/wp-json\/wp\/v2\/posts\/3688\/revisions"}],"wp:attachment":[{"href":"https:\/\/dea.unsj.edu.ar\/principal\/wp-json\/wp\/v2\/media?parent=3688"}],"wp:term":[{"taxonomy":"category","embeddable":true,"href":"https:\/\/dea.unsj.edu.ar\/principal\/wp-json\/wp\/v2\/categories?post=3688"},{"taxonomy":"post_tag","embeddable":true,"href":"https:\/\/dea.unsj.edu.ar\/principal\/wp-json\/wp\/v2\/tags?post=3688"}],"curies":[{"name":"wp","href":"https:\/\/api.w.org\/{rel}","templated":true}]}}