{"id":3642,"date":"2023-07-31T08:34:55","date_gmt":"2023-07-31T11:34:55","guid":{"rendered":"http:\/\/dea.unsj.edu.ar\/principal\/?p=3642"},"modified":"2023-07-31T08:34:55","modified_gmt":"2023-07-31T11:34:55","slug":"se-abre-inscripcion-para-becas-intensivas-de-aleman-e-italiano-hasta-el-9-de-agosto","status":"publish","type":"post","link":"https:\/\/dea.unsj.edu.ar\/principal\/se-abre-inscripcion-para-becas-intensivas-de-aleman-e-italiano-hasta-el-9-de-agosto\/","title":{"rendered":"Se abre inscripci\u00f3n para becas intensivas de Alem\u00e1n e Italiano ( hasta el 9 de agosto)"},"content":{"rendered":"<p>El plazo para el registro por internet es hasta el 9 de agosto.<\/p>\n<p>La Secretar\u00eda de Posgrado y Relaciones Internacionales de la Universidad Nacional de San Juan abre el plazo de inscripci\u00f3n online para las becas de idiomas intensivas de Alem\u00e1n e Italiano, ofertadas en colaboraci\u00f3n con la Fundaci\u00f3n Instituto Alem\u00e1n-Goethe Zentrum San Juan.<\/p>\n<p>Las\/os beneficiarios\/as son estudiantes universitarios\/as de grado, regulares y pertenecientes a la UNSJ.<\/p>\n<p>La modalidad del beneficio corresponde a una beca completa (100%) y una media beca (50%), para cada una de las facultades y la Escuela Universitaria de Ciencias de la Salud, para el Nivel A1 <strong>a elegir entre alem\u00e1n o italiano<\/strong>. Adem\u00e1s, una beca completa (100%) y una media beca (50%), para cada una de las facultades y la Escuela Universitaria de Ciencias de la Salud, para el Nivel A2 (solo idioma alem\u00e1n).<\/p>\n<p><strong><em>Los cursos son presenciales (Alem\u00e1n A1 y A2\/Italiano A1) y virtuales (solo Alem\u00e1n A2).<\/em><\/strong><\/p>\n<p><strong>Informes e inscripci\u00f3n<\/strong> en Secretar\u00eda de Posgrado y Relaciones Internacionales, enviando online, en formato PDF, la siguiente documentaci\u00f3n a: <a href=\"http:\/\/www.unsj.edu.ar\/home\/noticias_detalles\/6761\/cooperacion@unsj.edu.ar\">cooperacion@unsj.edu.ar<\/a><\/p>\n<ul>\n<li>Formulario de Inscripci\u00f3n General completo (modelo)<\/li>\n<li>Certificado Alumno regular<\/li>\n<li>Certificado anal\u00edtico (con aplazos)<\/li>\n<li>Certificado de Promedio<\/li>\n<li>Fotocopia DNI<\/li>\n<\/ul>\n<p><strong>Fecha l\u00edmite<\/strong> recepci\u00f3n de documentaci\u00f3n: 09 de agosto de 2023.<\/p>\n<p>Los <strong>resultados <\/strong>se comunicar\u00e1n el 10 de agosto de 2023, a trav\u00e9s de correo electr\u00f3nico.<\/p>\n<p><strong>Fecha Curso:<\/strong> segunda semana de agosto a 30 de noviembre 2023.<\/p>\n<p><strong>Horario Cursos:<\/strong><\/p>\n<p>ALEM\u00c1N A1 \u2013 martes y jueves de 14:30 a 17:30 hr. &#8211; <strong>Presencial<\/strong><\/p>\n<p>ALEM\u00c1N A2 \u2013 martes 18:30 a 21:30 hr. &#8211; <strong>Presencial<\/strong><\/p>\n<p>ALEM\u00c1N A2 \u2013 jueves 14:30 a 17:30hr. &#8211; <strong>Virtual<\/strong><\/p>\n<p>ITALIANO A1 \u2013 martes, mi\u00e9rcoles y jueves de 16:00 a 18:00 hr. &#8211; <strong>Presencial<\/strong><\/p>\n<p><strong>Importante<\/strong>: Las\/os estudiantes seleccionados deber\u00e1n abonar la inscripci\u00f3n de $4.500 y el Examen Internacional de Alem\u00e1n o examen interno de Italiano. <strong>Es obligatorio rendir el examen correspondiente<\/strong> y cumplir con el 80 % de asistencia al curso.<\/p>\n<p>El estudiante que es seleccionado para Beca Completa no paga las cuotas mensuales y quien resulta beneficiado de media beca abona solo el 50% de las mismas. A fin de calcular el importe del 50% se informa que actualmente la cuota mensual es de $17.000.<\/p>\n<p>Formulario de inscripci\u00f3n en archivo adjunto:<\/p>\n<p>Archivos:<\/p>\n<ul>\n<li><a href=\"http:\/\/unsj.edu.ar\/panel_unsj\/archivos\/noticias\/FormulariodeIns_7407_031.docx\"> FormulariodeIns_7407_031.docx <\/a><\/li>\n<\/ul>\n<p><a href=\"http:\/\/dea.unsj.edu.ar\/principal\/wp-content\/uploads\/2023\/07\/ajliadhggcfgfbma.png\" rel=\"attachment wp-att-3643\"><img loading=\"lazy\" decoding=\"async\" src=\"http:\/\/dea.unsj.edu.ar\/principal\/wp-content\/uploads\/2023\/07\/ajliadhggcfgfbma.png\" alt=\"\" title=\"ajliadhggcfgfbma-png\" width=\"1200\" height=\"1\" class=\"alignnone size-full wp-image-3643\" \/><\/a><\/p>\n","protected":false},"excerpt":{"rendered":"<div class=\"entry-summary\">\nEl plazo para el registro por internet es hasta el 9 de agosto. La Secretar\u00eda de Posgrado y Relaciones Internacionales&hellip;\n<\/div>\n<div class=\"link-more\"><a href=\"https:\/\/dea.unsj.edu.ar\/principal\/se-abre-inscripcion-para-becas-intensivas-de-aleman-e-italiano-hasta-el-9-de-agosto\/\" class=\"more-link\">Continue reading<span class=\"screen-reader-text\"> &ldquo;Se abre inscripci\u00f3n para becas intensivas de Alem\u00e1n e Italiano ( hasta el 9 de agosto)&rdquo;<\/span>&hellip;<\/a><\/div>\n","protected":false},"author":1,"featured_media":0,"comment_status":"closed","ping_status":"closed","sticky":false,"template":"","format":"standard","meta":{"_acf_changed":false,"jetpack_post_was_ever_published":false,"_jetpack_newsletter_access":"","_jetpack_dont_email_post_to_subs":false,"_jetpack_newsletter_tier_id":0,"_jetpack_memberships_contains_paywalled_content":false,"_jetpack_memberships_contains_paid_content":false,"footnotes":"","jetpack_publicize_message":"","jetpack_publicize_feature_enabled":true,"jetpack_social_post_already_shared":true,"jetpack_social_options":{"image_generator_settings":{"template":"highway","default_image_id":0,"font":"","enabled":false},"version":2}},"categories":[11],"tags":[],"class_list":["post-3642","post","type-post","status-publish","format-standard","hentry","category-dea","entry"],"acf":[],"jetpack_publicize_connections":[],"jetpack_featured_media_url":"","jetpack_sharing_enabled":true,"jetpack_shortlink":"https:\/\/wp.me\/paLbeA-WK","_links":{"self":[{"href":"https:\/\/dea.unsj.edu.ar\/principal\/wp-json\/wp\/v2\/posts\/3642","targetHints":{"allow":["GET"]}}],"collection":[{"href":"https:\/\/dea.unsj.edu.ar\/principal\/wp-json\/wp\/v2\/posts"}],"about":[{"href":"https:\/\/dea.unsj.edu.ar\/principal\/wp-json\/wp\/v2\/types\/post"}],"author":[{"embeddable":true,"href":"https:\/\/dea.unsj.edu.ar\/principal\/wp-json\/wp\/v2\/users\/1"}],"replies":[{"embeddable":true,"href":"https:\/\/dea.unsj.edu.ar\/principal\/wp-json\/wp\/v2\/comments?post=3642"}],"version-history":[{"count":0,"href":"https:\/\/dea.unsj.edu.ar\/principal\/wp-json\/wp\/v2\/posts\/3642\/revisions"}],"wp:attachment":[{"href":"https:\/\/dea.unsj.edu.ar\/principal\/wp-json\/wp\/v2\/media?parent=3642"}],"wp:term":[{"taxonomy":"category","embeddable":true,"href":"https:\/\/dea.unsj.edu.ar\/principal\/wp-json\/wp\/v2\/categories?post=3642"},{"taxonomy":"post_tag","embeddable":true,"href":"https:\/\/dea.unsj.edu.ar\/principal\/wp-json\/wp\/v2\/tags?post=3642"}],"curies":[{"name":"wp","href":"https:\/\/api.w.org\/{rel}","templated":true}]}}