{"id":3639,"date":"2023-07-31T08:22:23","date_gmt":"2023-07-31T11:22:23","guid":{"rendered":"http:\/\/dea.unsj.edu.ar\/principal\/?p=3639"},"modified":"2023-07-31T08:22:23","modified_gmt":"2023-07-31T11:22:23","slug":"inician-convocatoria-para-reconsideracion-de-becas-de-apoyo-economico-desde-31-7-2023-a-11-8-2023","status":"publish","type":"post","link":"https:\/\/dea.unsj.edu.ar\/principal\/inician-convocatoria-para-reconsideracion-de-becas-de-apoyo-economico-desde-31-7-2023-a-11-8-2023\/","title":{"rendered":"Inician convocatoria para reconsideraci\u00f3n de Becas de Apoyo Econ\u00f3mico (Desde 31\/7\/2023 a 11\/8\/2023)"},"content":{"rendered":"<p>Consultas, desde el 31 de julio hasta el 11 de agosto, seg\u00fan Unidad Acad\u00e9mica. En J\u00e1chal, Calingasta e Iglesia entregar documentaci\u00f3n en sede respectiva.<\/p>\n<p>La Direcci\u00f3n de Servicio Social de la UNSJ abre la convocatoria para la reconsideraci\u00f3n de las Becas de Apoyo Econ\u00f3mico para el Desempe\u00f1o Acad\u00e9mico. Ser\u00e1 desde el 31 de julio hasta el 11 de agosto, en los horarios y d\u00edas establecidos por Unidad Acad\u00e9mica seg\u00fan cronograma adjunto.<\/p>\n<p><strong>\u00bfQui\u00e9nes pueden reconsiderar?<\/strong><\/p>\n<p>Aquellas y aquellos estudiantes tanto regulares como ingresantes de las distintas Facultades y\/o Institutos Preuniversitarios que se inscribieron a becas para el desempe\u00f1o acad\u00e9mico en el periodo correspondiente y no resultaron becados 2023.<\/p>\n<p><strong>\u00bfCu\u00e1ndo ser\u00e1 la etapa de reconsideraci\u00f3n?<\/strong><\/p>\n<p>Se desarrollar\u00e1 durante dos semanas, en dependencias de la Direcci\u00f3n de Servicio Social (Av. Libertador Gral. San Mart\u00edn 1109 Oeste) seg\u00fan cronograma.<\/p>\n<p><strong>\u00bfCu\u00e1les son los requisitos que deben cumplir?<\/strong><\/p>\n<p>Los y las estudiantes deber\u00e1n presentar en la Direcci\u00f3n toda la documentaci\u00f3n requerida (actualizada) en un folio, seg\u00fan <strong>se detalla en PDF adjunto.<\/strong><\/p>\n<p>Para descargar planillas de declaraci\u00f3n jurada de ingresos y grupo familiar, <a href=\"https:\/\/linktr.ee\/bienestar_unsj\"><strong>ingresar aqu\u00ed<\/strong><\/a>.<\/p>\n<p><strong><em>Importante<\/em> <\/strong><\/p>\n<p>Los y las alumnas de los departamentos de<strong> J\u00e1chal, Calingasta e Iglesia<\/strong> deber\u00e1n entregar folio con la documentaci\u00f3n al coordinador de la sede en donde cursan.<\/p>\n<p>Archivos:<\/p>\n<ul>\n<li><a href=\"http:\/\/unsj.edu.ar\/panel_unsj\/archivos\/noticias\/RequisitosyCron_7400_053.pdf\"> RequisitosyCron_7400_053.pdf <\/a><\/li>\n<\/ul>\n<p><a href=\"http:\/\/dea.unsj.edu.ar\/principal\/wp-content\/uploads\/2023\/07\/enopmkbbpapfknhk.png\" rel=\"attachment wp-att-3640\"><img loading=\"lazy\" decoding=\"async\" src=\"http:\/\/dea.unsj.edu.ar\/principal\/wp-content\/uploads\/2023\/07\/enopmkbbpapfknhk.png\" alt=\"\" title=\"enopmkbbpapfknhk-png\" width=\"1200\" height=\"1\" class=\"alignnone size-full wp-image-3640\" \/><\/a><\/p>\n","protected":false},"excerpt":{"rendered":"<div class=\"entry-summary\">\nConsultas, desde el 31 de julio hasta el 11 de agosto, seg\u00fan Unidad Acad\u00e9mica. En J\u00e1chal, Calingasta e Iglesia entregar&hellip;\n<\/div>\n<div class=\"link-more\"><a href=\"https:\/\/dea.unsj.edu.ar\/principal\/inician-convocatoria-para-reconsideracion-de-becas-de-apoyo-economico-desde-31-7-2023-a-11-8-2023\/\" class=\"more-link\">Continue reading<span class=\"screen-reader-text\"> &ldquo;Inician convocatoria para reconsideraci\u00f3n de Becas de Apoyo Econ\u00f3mico (Desde 31\/7\/2023 a 11\/8\/2023)&rdquo;<\/span>&hellip;<\/a><\/div>\n","protected":false},"author":1,"featured_media":0,"comment_status":"closed","ping_status":"closed","sticky":false,"template":"","format":"standard","meta":{"_acf_changed":false,"jetpack_post_was_ever_published":false,"_jetpack_newsletter_access":"","_jetpack_dont_email_post_to_subs":false,"_jetpack_newsletter_tier_id":0,"_jetpack_memberships_contains_paywalled_content":false,"_jetpack_memberships_contains_paid_content":false,"footnotes":"","jetpack_publicize_message":"","jetpack_publicize_feature_enabled":true,"jetpack_social_post_already_shared":true,"jetpack_social_options":{"image_generator_settings":{"template":"highway","default_image_id":0,"font":"","enabled":false},"version":2}},"categories":[11],"tags":[],"class_list":["post-3639","post","type-post","status-publish","format-standard","hentry","category-dea","entry"],"acf":[],"jetpack_publicize_connections":[],"jetpack_featured_media_url":"","jetpack_sharing_enabled":true,"jetpack_shortlink":"https:\/\/wp.me\/paLbeA-WH","_links":{"self":[{"href":"https:\/\/dea.unsj.edu.ar\/principal\/wp-json\/wp\/v2\/posts\/3639","targetHints":{"allow":["GET"]}}],"collection":[{"href":"https:\/\/dea.unsj.edu.ar\/principal\/wp-json\/wp\/v2\/posts"}],"about":[{"href":"https:\/\/dea.unsj.edu.ar\/principal\/wp-json\/wp\/v2\/types\/post"}],"author":[{"embeddable":true,"href":"https:\/\/dea.unsj.edu.ar\/principal\/wp-json\/wp\/v2\/users\/1"}],"replies":[{"embeddable":true,"href":"https:\/\/dea.unsj.edu.ar\/principal\/wp-json\/wp\/v2\/comments?post=3639"}],"version-history":[{"count":0,"href":"https:\/\/dea.unsj.edu.ar\/principal\/wp-json\/wp\/v2\/posts\/3639\/revisions"}],"wp:attachment":[{"href":"https:\/\/dea.unsj.edu.ar\/principal\/wp-json\/wp\/v2\/media?parent=3639"}],"wp:term":[{"taxonomy":"category","embeddable":true,"href":"https:\/\/dea.unsj.edu.ar\/principal\/wp-json\/wp\/v2\/categories?post=3639"},{"taxonomy":"post_tag","embeddable":true,"href":"https:\/\/dea.unsj.edu.ar\/principal\/wp-json\/wp\/v2\/tags?post=3639"}],"curies":[{"name":"wp","href":"https:\/\/api.w.org\/{rel}","templated":true}]}}