{"id":3213,"date":"2022-08-31T20:40:31","date_gmt":"2022-08-31T23:40:31","guid":{"rendered":"http:\/\/dea.unsj.edu.ar\/principal\/?p=3213"},"modified":"2022-08-31T20:40:31","modified_gmt":"2022-08-31T23:40:31","slug":"seminario-inaut-federalizando-la-innovacion-en-tic-a-traves-de-la-vinculacion-tecnologica-j-ueves-01-09-2022-11hs","status":"publish","type":"post","link":"https:\/\/dea.unsj.edu.ar\/principal\/seminario-inaut-federalizando-la-innovacion-en-tic-a-traves-de-la-vinculacion-tecnologica-j-ueves-01-09-2022-11hs\/","title":{"rendered":"Seminario INAUT: Federalizando la innovaci\u00f3n en TIC a trav\u00e9s de la Vinculaci\u00f3n Tecnol\u00f3gica (J ueves 01\/09\/2022, 11hs)"},"content":{"rendered":"<p>Estimados, por este medio los invitamos al seminario que se dictar&aacute; este pr&oacute;ximo JUEVES 01 de SEPTIEMBRE de 2022, a las 11hs.<\/p>\n<p>TITULO:<strong> Federalizando la innovaci&oacute;n en TIC a trav&eacute;s de la Vinculaci&oacute;n Tecnol&oacute;gica<\/strong><\/p>\n<p>DISERTANTE: D<strong>r. Ricardo Medel, responsable del &Aacute;rea de Vinculaci&oacute;n Tecnol&oacute;gica de la Fundaci&oacute;n Dr. Manuel Sadosky.<\/strong><\/p>\n<p>FECHA: <strong>JUEVES 01 de SEPTIEMBRE de 2022, 11hs<\/strong><\/p>\n<p>LUGAR: <strong>Sala de Conferencias del Instituto de Autom&aacute;tica<\/strong><\/p>\n<p>RESUMEN: <strong>En esta presentaci&oacute;n explicaremos los diferentes instrumentos que utiliza la Fundaci&oacute;n Dr. Manuel Sadosky, dependiente del Ministerio de Ciencia, Tecnolog&iacute;a e Innovaci&oacute;n de la Naci&oacute;n y de las c&aacute;maras empresariales CESSI y CICOMRA, para fomentar la vinculaci&oacute;n entre el Sistema Nacional de Ciencia y Tecnolog&iacute;a y los sectores productivos y sociales con el objetivo de generar innovaciones que aporten a la resoluci&oacute;n de problemas del pa&iacute;s. Recorreremos su d&eacute;cada de historia, los resultados de las diferentes iniciativas y las oportunidades a futuro.<\/strong><\/p>\n<p>Esperamos contar con su presencia<\/p>\n<p>Santiago Tosetti<\/p>\n<p>Instituto de Autom&aacute;tica<\/p>\n<p>UNSJ &#8211; CONICET<\/p>\n<p><a href=\"http:\/\/dea.unsj.edu.ar\/principal\/wp-content\/uploads\/2022\/08\/dc1d9838.png\" rel=\"attachment wp-att-3214\"><img loading=\"lazy\" decoding=\"async\" src=\"http:\/\/dea.unsj.edu.ar\/principal\/wp-content\/uploads\/2022\/08\/dc1d9838.png\" alt=\"\" title=\"dc1d9838-png\" width=\"1200\" height=\"1\" class=\"alignnone size-full wp-image-3214\" \/><\/a><\/p>\n","protected":false},"excerpt":{"rendered":"<div class=\"entry-summary\">\nEstimados, por este medio los invitamos al seminario que se dictar&aacute; este pr&oacute;ximo JUEVES 01 de SEPTIEMBRE de 2022, a&hellip;\n<\/div>\n<div class=\"link-more\"><a href=\"https:\/\/dea.unsj.edu.ar\/principal\/seminario-inaut-federalizando-la-innovacion-en-tic-a-traves-de-la-vinculacion-tecnologica-j-ueves-01-09-2022-11hs\/\" class=\"more-link\">Continue reading<span class=\"screen-reader-text\"> &ldquo;Seminario INAUT: Federalizando la innovaci\u00f3n en TIC a trav\u00e9s de la Vinculaci\u00f3n Tecnol\u00f3gica (J ueves 01\/09\/2022, 11hs)&rdquo;<\/span>&hellip;<\/a><\/div>\n","protected":false},"author":1,"featured_media":0,"comment_status":"closed","ping_status":"closed","sticky":false,"template":"","format":"standard","meta":{"_acf_changed":false,"jetpack_post_was_ever_published":false,"_jetpack_newsletter_access":"","_jetpack_dont_email_post_to_subs":false,"_jetpack_newsletter_tier_id":0,"_jetpack_memberships_contains_paywalled_content":false,"_jetpack_memberships_contains_paid_content":false,"footnotes":"","jetpack_publicize_message":"","jetpack_publicize_feature_enabled":true,"jetpack_social_post_already_shared":true,"jetpack_social_options":{"image_generator_settings":{"template":"highway","default_image_id":0,"font":"","enabled":false},"version":2}},"categories":[11],"tags":[],"class_list":["post-3213","post","type-post","status-publish","format-standard","hentry","category-dea","entry"],"acf":[],"jetpack_publicize_connections":[],"jetpack_featured_media_url":"","jetpack_sharing_enabled":true,"jetpack_shortlink":"https:\/\/wp.me\/paLbeA-PP","_links":{"self":[{"href":"https:\/\/dea.unsj.edu.ar\/principal\/wp-json\/wp\/v2\/posts\/3213","targetHints":{"allow":["GET"]}}],"collection":[{"href":"https:\/\/dea.unsj.edu.ar\/principal\/wp-json\/wp\/v2\/posts"}],"about":[{"href":"https:\/\/dea.unsj.edu.ar\/principal\/wp-json\/wp\/v2\/types\/post"}],"author":[{"embeddable":true,"href":"https:\/\/dea.unsj.edu.ar\/principal\/wp-json\/wp\/v2\/users\/1"}],"replies":[{"embeddable":true,"href":"https:\/\/dea.unsj.edu.ar\/principal\/wp-json\/wp\/v2\/comments?post=3213"}],"version-history":[{"count":0,"href":"https:\/\/dea.unsj.edu.ar\/principal\/wp-json\/wp\/v2\/posts\/3213\/revisions"}],"wp:attachment":[{"href":"https:\/\/dea.unsj.edu.ar\/principal\/wp-json\/wp\/v2\/media?parent=3213"}],"wp:term":[{"taxonomy":"category","embeddable":true,"href":"https:\/\/dea.unsj.edu.ar\/principal\/wp-json\/wp\/v2\/categories?post=3213"},{"taxonomy":"post_tag","embeddable":true,"href":"https:\/\/dea.unsj.edu.ar\/principal\/wp-json\/wp\/v2\/tags?post=3213"}],"curies":[{"name":"wp","href":"https:\/\/api.w.org\/{rel}","templated":true}]}}