{"id":3188,"date":"2022-08-19T10:36:19","date_gmt":"2022-08-19T13:36:19","guid":{"rendered":"http:\/\/dea.unsj.edu.ar\/principal\/?p=3188"},"modified":"2022-08-19T10:36:19","modified_gmt":"2022-08-19T13:36:19","slug":"comenzamos-la-etapa-de-reconsideracion-becas-para-el-desempeno-academico-de-la-unsj-2022-desde-e-l-22-al-26-de-agosto","status":"publish","type":"post","link":"https:\/\/dea.unsj.edu.ar\/principal\/comenzamos-la-etapa-de-reconsideracion-becas-para-el-desempeno-academico-de-la-unsj-2022-desde-e-l-22-al-26-de-agosto\/","title":{"rendered":"Comenzamos la Etapa de Reconsideraci\u00f3n: Becas para el Desempe\u00f1o Acad\u00e9mico de la UNSJ 2022 (Desde e l 22 al 26 de agosto)"},"content":{"rendered":"<p><strong>&iquest;Qui&eacute;nes pueden reconsiderar? <\/strong><\/p>\n<p>Aquellos estudiantes tanto Regulares como Ingresantes de las distintas unidades acad&eacute;micas y\/o colegios preuniversitarios que se inscribieron a Becas para el Desempe&ntilde;o Acad&eacute;mico en el periodo correspondiente y no resultaron becados.<\/p>\n<p><strong>&iquest;Cu&aacute;ndo ser&aacute; la recepci&oacute;n de documentaci&oacute;n? <\/strong><\/p>\n<p>Desde el 22 al 26 de agosto, en la Direcci&oacute;n de Servicio Social.<\/p>\n<p>Consult&aacute; la documentaci&oacute;n requerida en el post<\/p>\n<ul>\n<li>No te olvides de asistir con lapicera.<\/li>\n<\/ul>\n<p>Link al modelo de declaraci&oacute;n jurada:<\/p>\n<p><a href=\"https:\/\/l.facebook.com\/l.php?u=https%3A%2F%2Fbit.ly%2F3CfC1H4%3Ffbclid%3DIwAR3D9K52-_OOkDJcxG9GUnuwuj9NM8Bh50U1e_uShWBltN5i-CiQpvnGWy8&amp;h=AT1XtYzzlc1kn7AzkZnxlsK8VzswJutjYlbSZEsZHGrxswOUDPLcV4fDty4OV7Fu7qjMI0kQNAbS-cFl36kXoSzDVVfrYz6REZRMcZJgnKmdP7c4iy74VHeqvpwgoJw6jakl&amp;__tn__=-UK-R&amp;c%5B0%5D=AT176cmFwqfNhj_dFjA26ISfoscO0JIRuXoNPrO4Awfen2PYB11PXj701Z-aeLvoodC2r9MyWRCu8DzZpqX7hoQCHsAhGinbYf9rytLj7q_4hrh-mdZEumriTvx6F9PIbQYZ2njqp7Udh6e2J4547VM5BS7ULYs7t3D3JofrBKfaG4OOWZBivo-8YrDVHPclDyu9Yima\">https:\/\/bit.ly\/3CfC1H4<\/a><\/p>\n<p>M&aacute;s Informaci&oacute;n:<\/p>\n<p><a href=\"https:\/\/www.facebook.com\/hashtag\/becasunsj?__eep__=6&amp;__cft__%5B0%5D=AZVBlsf30gSUI-WCfUVJGPULxKtusQ0ipxQSAglH-vltFzc0tvDAvk_MyCH7KB-vKTgvT1mkd_zFPoCAc09ursupdR3burkHHegg2j9r2ecCBqDYCa35nP8GqaNS298SHG99aN7cjnngtl134hl0NNiirFWESIvQPY47Q6FdifD3vw&amp;__tn__=*NK-R\">#BecasUNSJ<\/a> <a href=\"https:\/\/www.facebook.com\/hashtag\/bienestarunsj?__eep__=6&amp;__cft__%5B0%5D=AZVBlsf30gSUI-WCfUVJGPULxKtusQ0ipxQSAglH-vltFzc0tvDAvk_MyCH7KB-vKTgvT1mkd_zFPoCAc09ursupdR3burkHHegg2j9r2ecCBqDYCa35nP8GqaNS298SHG99aN7cjnngtl134hl0NNiirFWESIvQPY47Q6FdifD3vw&amp;__tn__=*NK-R\">#BienestarUNSJ<\/a> <a href=\"https:\/\/www.facebook.com\/UNSJOficial\/?__cft__%5B0%5D=AZVBlsf30gSUI-WCfUVJGPULxKtusQ0ipxQSAglH-vltFzc0tvDAvk_MyCH7KB-vKTgvT1mkd_zFPoCAc09ursupdR3burkHHegg2j9r2ecCBqDYCa35nP8GqaNS298SHG99aN7cjnngtl134hl0NNiirFWESIvQPY47Q6FdifD3vw&amp;__tn__=kK-R\">Universidad Nacional de San Juan UNSJ<\/a><\/p>\n<p><a href=\"http:\/\/dea.unsj.edu.ar\/principal\/wp-content\/uploads\/2022\/08\/0f8b0a53-1.png\" rel=\"attachment wp-att-3189\"><img loading=\"lazy\" decoding=\"async\" src=\"http:\/\/dea.unsj.edu.ar\/principal\/wp-content\/uploads\/2022\/08\/0f8b0a53-1.png\" alt=\"\" title=\"0f8b0a53-1-png\" width=\"1200\" height=\"1\" class=\"alignnone size-full wp-image-3189\" \/><\/a><\/p>\n","protected":false},"excerpt":{"rendered":"<div class=\"entry-summary\">\n&iquest;Qui&eacute;nes pueden reconsiderar? Aquellos estudiantes tanto Regulares como Ingresantes de las distintas unidades acad&eacute;micas y\/o colegios preuniversitarios que se inscribieron&hellip;\n<\/div>\n<div class=\"link-more\"><a href=\"https:\/\/dea.unsj.edu.ar\/principal\/comenzamos-la-etapa-de-reconsideracion-becas-para-el-desempeno-academico-de-la-unsj-2022-desde-e-l-22-al-26-de-agosto\/\" class=\"more-link\">Continue reading<span class=\"screen-reader-text\"> &ldquo;Comenzamos la Etapa de Reconsideraci\u00f3n: Becas para el Desempe\u00f1o Acad\u00e9mico de la UNSJ 2022 (Desde e l 22 al 26 de agosto)&rdquo;<\/span>&hellip;<\/a><\/div>\n","protected":false},"author":1,"featured_media":0,"comment_status":"closed","ping_status":"closed","sticky":false,"template":"","format":"standard","meta":{"_acf_changed":false,"jetpack_post_was_ever_published":false,"_jetpack_newsletter_access":"","_jetpack_dont_email_post_to_subs":false,"_jetpack_newsletter_tier_id":0,"_jetpack_memberships_contains_paywalled_content":false,"_jetpack_memberships_contains_paid_content":false,"footnotes":"","jetpack_publicize_message":"","jetpack_publicize_feature_enabled":true,"jetpack_social_post_already_shared":true,"jetpack_social_options":{"image_generator_settings":{"template":"highway","default_image_id":0,"font":"","enabled":false},"version":2}},"categories":[11],"tags":[],"class_list":["post-3188","post","type-post","status-publish","format-standard","hentry","category-dea","entry"],"acf":[],"jetpack_publicize_connections":[],"jetpack_featured_media_url":"","jetpack_sharing_enabled":true,"jetpack_shortlink":"https:\/\/wp.me\/paLbeA-Pq","_links":{"self":[{"href":"https:\/\/dea.unsj.edu.ar\/principal\/wp-json\/wp\/v2\/posts\/3188","targetHints":{"allow":["GET"]}}],"collection":[{"href":"https:\/\/dea.unsj.edu.ar\/principal\/wp-json\/wp\/v2\/posts"}],"about":[{"href":"https:\/\/dea.unsj.edu.ar\/principal\/wp-json\/wp\/v2\/types\/post"}],"author":[{"embeddable":true,"href":"https:\/\/dea.unsj.edu.ar\/principal\/wp-json\/wp\/v2\/users\/1"}],"replies":[{"embeddable":true,"href":"https:\/\/dea.unsj.edu.ar\/principal\/wp-json\/wp\/v2\/comments?post=3188"}],"version-history":[{"count":0,"href":"https:\/\/dea.unsj.edu.ar\/principal\/wp-json\/wp\/v2\/posts\/3188\/revisions"}],"wp:attachment":[{"href":"https:\/\/dea.unsj.edu.ar\/principal\/wp-json\/wp\/v2\/media?parent=3188"}],"wp:term":[{"taxonomy":"category","embeddable":true,"href":"https:\/\/dea.unsj.edu.ar\/principal\/wp-json\/wp\/v2\/categories?post=3188"},{"taxonomy":"post_tag","embeddable":true,"href":"https:\/\/dea.unsj.edu.ar\/principal\/wp-json\/wp\/v2\/tags?post=3188"}],"curies":[{"name":"wp","href":"https:\/\/api.w.org\/{rel}","templated":true}]}}