{"id":2386,"date":"2021-10-04T18:36:03","date_gmt":"2021-10-04T21:36:03","guid":{"rendered":"http:\/\/dea.unsj.edu.ar\/principal\/?p=2386"},"modified":"2021-10-04T18:36:03","modified_gmt":"2021-10-04T21:36:03","slug":"listado-de-estudiantes-beneficiados-con-las-becas-de-apoyo-economico-etapa-de-reconsideracion","status":"publish","type":"post","link":"https:\/\/dea.unsj.edu.ar\/principal\/listado-de-estudiantes-beneficiados-con-las-becas-de-apoyo-economico-etapa-de-reconsideracion\/","title":{"rendered":"Listado de estudiantes beneficiados con las Becas de Apoyo Econ\u00f3mico. Etapa de Reconsideraci\u00f3n"},"content":{"rendered":"<p>La Direcci\u00f3n de Servicios Social de la Secretar\u00eda de Bienestar Universitario informa el listado de los estudiantes beneficiadas con las <strong>Becas de Apoyo Econ\u00f3mico<\/strong> cuyo expediente fue aprobado en la sesi\u00f3n del Consejo Superior del jueves 30 de septiembre.<\/p>\n<p>En adjunto se podr\u00e1 descargar el listado de:<\/p>\n<ul>\n<li><a href=\"http:\/\/unsj.edu.ar\/panel_unsj\/archivos\/noticias\/UNIVERSITARIOS_REGULARES_ANEXOS_BENEFICIADOS_5786_0.pdf\">UNIVERSITARIOS_REGULARES_ANEXOS_BENEFICIADOS_5786_0.pdf <\/a><\/li>\n<li><a href=\"http:\/\/unsj.edu.ar\/panel_unsj\/archivos\/noticias\/UNIVERSITARIOS_INGRESANTES_BENEFICIADOS_5786_1.pdf\">UNIVERSITARIOS_INGRESANTES_BENEFICIADOS_5786_1.pdf <\/a><\/li>\n<li><a href=\"http:\/\/unsj.edu.ar\/panel_unsj\/archivos\/noticias\/PRE-UNIV_INGRESANTES_BENEFICIADOS_5786_2.pdf\">PRE-UNIV_INGRESANTES_BENEFICIADOS_5786_2.pdf <\/a><\/li>\n<li><a href=\"http:\/\/unsj.edu.ar\/panel_unsj\/archivos\/noticias\/PRE_UNIV_REGULARES_ANEXOS_BENEFICIADOS_5786_3.pdf\">PRE_UNIV_REGULARES_ANEXOS_BENEFICIADOS_5786_3.pdf <\/a><\/li>\n<li><a href=\"http:\/\/unsj.edu.ar\/panel_unsj\/archivos\/noticias\/ANEXOS-VENTANILLA_ABIERTA_BENEFICIADOS_5786_4.pdf\">ANEXOS-VENTANILLA_ABIERTA_BENEFICIADOS_5786_4.pdf <\/a><\/li>\n<\/ul>\n<p>Los estudiantes que se hab\u00edan inscripto en las Becas de Apoyo Econ\u00f3mico 2021, y que no han sido seleccionados\/as por alg\u00fan motivo podr\u00e1n pedir una RECONSIDERACI\u00d3N.<\/p>\n<p>Para tal fin, se recibir\u00e1 la documentaci\u00f3n seg\u00fan cada unidad acad\u00e9mica, seg\u00fan pertenezca el o la estudiante, en los siguientes d\u00edas y horarios (concurrir con barbijo y llevar lapicera):<\/p>\n<p><strong>FCEFN: <\/strong>5 y 12 de octubre de 9 a 13 hs, en la Direcci\u00f3n de Servicio Social (Ubicada en Av. Libertador Gral. San Mart\u00edn 1109 Oeste)<\/p>\n<p><strong>Institutos Preuniversitarios:<\/strong> 6 y 13 de octubre de 8 a 12 hs, en la Direcci\u00f3n de Servicio Social (Ubicada en Av. Libertador Gral. San Mart\u00edn 1109 Oeste)<\/p>\n<p><strong>FAUD: <\/strong>6 y 7 de octubre, de 8 a 12 hs, en la Direcci\u00f3n de Servicio Social (Ubicada en Av. Libertador Gral. San Mart\u00edn 1109 Oeste)<\/p>\n<p><strong>EUCS <\/strong> 7 y 14 de octubre de 9 a 13 hs, en la Direcci\u00f3n de Servicio Social (Ubicada en Av. Libertador Gral. San Mart\u00edn 1109 Oeste)<\/p>\n<p><strong>FFHA: <\/strong>7 y 14 de octubre de 8 a 12 hs, en la Direcci\u00f3n de Servicio Social (Ubicada en Av. Libertador Gral. San Mart\u00edn 1109 Oeste)<\/p>\n<p><strong>FACSO: <\/strong>7 y 14 de octubre de 9 A 13 hs (Lic. Carmona) y de 15 a 19 hs (Lic. Espinosa), en la Facultad de Ciencias Sociales &#8211; espacio a designar<\/p>\n<p><strong>FI: <\/strong>12 y 13 de octubre de 8 a 12 hs, en la Direcci\u00f3n de Servicio Social (Ubicada en Av. Libertador Gral. San Mart\u00edn 1109 Oeste)<\/p>\n<p><strong>Los requisitos que deben cumplir est\u00e1n en <\/strong><\/p>\n<p><a href=\"http:\/\/www.unsj.edu.ar\/home\/noticias_detalles\/5787\">http:\/\/www.unsj.edu.ar\/home\/noticias_detalles\/5787<\/a><\/p>\n","protected":false},"excerpt":{"rendered":"<div class=\"entry-summary\">\nLa Direcci\u00f3n de Servicios Social de la Secretar\u00eda de Bienestar Universitario informa el listado de los estudiantes beneficiadas con las&hellip;\n<\/div>\n<div class=\"link-more\"><a href=\"https:\/\/dea.unsj.edu.ar\/principal\/listado-de-estudiantes-beneficiados-con-las-becas-de-apoyo-economico-etapa-de-reconsideracion\/\" class=\"more-link\">Continue reading<span class=\"screen-reader-text\"> &ldquo;Listado de estudiantes beneficiados con las Becas de Apoyo Econ\u00f3mico. Etapa de Reconsideraci\u00f3n&rdquo;<\/span>&hellip;<\/a><\/div>\n","protected":false},"author":1,"featured_media":2343,"comment_status":"closed","ping_status":"closed","sticky":false,"template":"","format":"standard","meta":{"_acf_changed":false,"jetpack_post_was_ever_published":false,"_jetpack_newsletter_access":"","_jetpack_dont_email_post_to_subs":false,"_jetpack_newsletter_tier_id":0,"_jetpack_memberships_contains_paywalled_content":false,"_jetpack_memberships_contains_paid_content":false,"footnotes":"","jetpack_publicize_message":"","jetpack_publicize_feature_enabled":true,"jetpack_social_post_already_shared":true,"jetpack_social_options":{"image_generator_settings":{"template":"highway","default_image_id":0,"font":"","enabled":false},"version":2}},"categories":[2,6],"tags":[],"class_list":["post-2386","post","type-post","status-publish","format-standard","has-post-thumbnail","hentry","category-alumnos","category-becas","entry"],"acf":[],"jetpack_publicize_connections":[],"jetpack_featured_media_url":"https:\/\/dea.unsj.edu.ar\/principal\/wp-content\/uploads\/2021\/09\/BECAS.png","jetpack_sharing_enabled":true,"jetpack_shortlink":"https:\/\/wp.me\/paLbeA-Cu","_links":{"self":[{"href":"https:\/\/dea.unsj.edu.ar\/principal\/wp-json\/wp\/v2\/posts\/2386","targetHints":{"allow":["GET"]}}],"collection":[{"href":"https:\/\/dea.unsj.edu.ar\/principal\/wp-json\/wp\/v2\/posts"}],"about":[{"href":"https:\/\/dea.unsj.edu.ar\/principal\/wp-json\/wp\/v2\/types\/post"}],"author":[{"embeddable":true,"href":"https:\/\/dea.unsj.edu.ar\/principal\/wp-json\/wp\/v2\/users\/1"}],"replies":[{"embeddable":true,"href":"https:\/\/dea.unsj.edu.ar\/principal\/wp-json\/wp\/v2\/comments?post=2386"}],"version-history":[{"count":0,"href":"https:\/\/dea.unsj.edu.ar\/principal\/wp-json\/wp\/v2\/posts\/2386\/revisions"}],"wp:featuredmedia":[{"embeddable":true,"href":"https:\/\/dea.unsj.edu.ar\/principal\/wp-json\/wp\/v2\/media\/2343"}],"wp:attachment":[{"href":"https:\/\/dea.unsj.edu.ar\/principal\/wp-json\/wp\/v2\/media?parent=2386"}],"wp:term":[{"taxonomy":"category","embeddable":true,"href":"https:\/\/dea.unsj.edu.ar\/principal\/wp-json\/wp\/v2\/categories?post=2386"},{"taxonomy":"post_tag","embeddable":true,"href":"https:\/\/dea.unsj.edu.ar\/principal\/wp-json\/wp\/v2\/tags?post=2386"}],"curies":[{"name":"wp","href":"https:\/\/api.w.org\/{rel}","templated":true}]}}