{"id":1895,"date":"2020-03-10T09:37:14","date_gmt":"2020-03-10T12:37:14","guid":{"rendered":"http:\/\/dea.unsj.edu.ar\/principal\/?p=1895"},"modified":"2020-03-10T09:37:14","modified_gmt":"2020-03-10T12:37:14","slug":"curso-de-frances-con-descuento-para-estudiantes-universitarios","status":"publish","type":"post","link":"https:\/\/dea.unsj.edu.ar\/principal\/curso-de-frances-con-descuento-para-estudiantes-universitarios\/","title":{"rendered":"Curso de Franc\u00e9s con descuento para estudiantes universitarios"},"content":{"rendered":"<p>Se trata de un convenio entre la SECITI y la Embajada Francesa en Argentina.<\/p>\n<p>La Secretar\u00eda de Estado de Ciencia, Tecnolog\u00eda e Innovaci\u00f3n del Gobierno de la Provincia informa que los estudiantes de la Universidad Nacional de San Juan y la Universidad Nacional de Cuyo, recibir\u00e1n un 20% de descuento por parte de la Alianza Francesa para el curso de Franc\u00e9s.<\/p>\n<p>El cursado del m\u00f3dulo 1, dirigido a principiantes est\u00e1 compuesto de tres horas presenciales y una virtual.<\/p>\n<p>Los horarios disponibles son: d\u00edas lunes de 18 a 20; mi\u00e9rcoles de 14.30 a 17.30 y jueves de 9.30 a 12.30.<\/p>\n<p>Asimismo, la semana del 16 de marzo tambi\u00e9n se comenzar\u00e1 con el dictado de los m\u00f3dulos m\u00e1s avanzados que son continuidad de los realizados el a\u00f1o pasado.<\/p>\n<p>En relaci\u00f3n al M\u00f3dulo 2, las clases ser\u00e1n los d\u00edas unes de 14 :30 a 17.30 o viernes de 18 a 21.<\/p>\n<p>El m\u00f3dulo 3, los d\u00edas lunes de 18 a 21. o s\u00e1bado de 9.30 a 12.30.<\/p>\n<p>El M\u00f3dulo 4 los jueves de 14.30 a 17.30 o viernes de 18 a 21.<\/p>\n<p>Esta capacitaci\u00f3n se encuentra enmarcada dentro de un convenio que tiene la Secretar\u00eda de Estado de Ciencia, Tecnolog\u00eda e Innovaci\u00f3n para perfeccionamiento de la administraci\u00f3n p\u00fablica dentro del Convenio Marco entre la Provincia de San Juan y la Embajada francesa en Argentina a trav\u00e9s de la Ley 1683-H-.<\/p>\n<p><strong>M\u00e1s informaci\u00f3n e inscripciones:<\/strong><\/p>\n<p>Tel\u00e9fono: 4224899<\/p>\n<p>info<\/p>\n<p><img loading=\"lazy\" decoding=\"async\" src=\"http:\/\/unsj.edu.ar\/panel_unsj\/img\/eventos\/2020-03-0313432505.jpg\" alt=\"\" width=\"657\" height=\"657\"><\/p>\n<table>\n<tbody>\n<tr>\n<td><a href=\"http:\/\/www.avg.com\/email-signature?utm_medium=email&amp;utm_source=link&amp;utm_campaign=sig-email&amp;utm_content=emailclient\"><img loading=\"lazy\" decoding=\"async\" src=\"https:\/\/ipmcdn.avast.com\/images\/icons\/icon-envelope-tick-green-avg-v1.png\" alt=\"\" width=\"46\" height=\"29\"><\/a><\/td>\n<td>Libre de virus. <a href=\"http:\/\/www.avg.com\/email-signature?utm_medium=email&amp;utm_source=link&amp;utm_campaign=sig-email&amp;utm_content=emailclient\">www.avg.com<\/a><\/td>\n<\/tr>\n<\/tbody>\n<\/table>\n","protected":false},"excerpt":{"rendered":"<div class=\"entry-summary\">\nSe trata de un convenio entre la SECITI y la Embajada Francesa en Argentina. La Secretar\u00eda de Estado de Ciencia,&hellip;\n<\/div>\n<div class=\"link-more\"><a href=\"https:\/\/dea.unsj.edu.ar\/principal\/curso-de-frances-con-descuento-para-estudiantes-universitarios\/\" class=\"more-link\">Continue reading<span class=\"screen-reader-text\"> &ldquo;Curso de Franc\u00e9s con descuento para estudiantes universitarios&rdquo;<\/span>&hellip;<\/a><\/div>\n","protected":false},"author":1,"featured_media":1246,"comment_status":"closed","ping_status":"closed","sticky":false,"template":"","format":"standard","meta":{"_acf_changed":false,"jetpack_post_was_ever_published":false,"_jetpack_newsletter_access":"","_jetpack_dont_email_post_to_subs":false,"_jetpack_newsletter_tier_id":0,"_jetpack_memberships_contains_paywalled_content":false,"_jetpack_memberships_contains_paid_content":false,"footnotes":"","jetpack_publicize_message":"","jetpack_publicize_feature_enabled":true,"jetpack_social_post_already_shared":true,"jetpack_social_options":{"image_generator_settings":{"template":"highway","default_image_id":0,"font":"","enabled":false},"version":2}},"categories":[2,3],"tags":[],"class_list":["post-1895","post","type-post","status-publish","format-standard","has-post-thumbnail","hentry","category-alumnos","category-docentes","entry"],"acf":[],"jetpack_publicize_connections":[],"jetpack_featured_media_url":"https:\/\/dea.unsj.edu.ar\/principal\/wp-content\/uploads\/2019\/03\/radio-2974649__480.jpg","jetpack_sharing_enabled":true,"jetpack_shortlink":"https:\/\/wp.me\/paLbeA-uz","_links":{"self":[{"href":"https:\/\/dea.unsj.edu.ar\/principal\/wp-json\/wp\/v2\/posts\/1895","targetHints":{"allow":["GET"]}}],"collection":[{"href":"https:\/\/dea.unsj.edu.ar\/principal\/wp-json\/wp\/v2\/posts"}],"about":[{"href":"https:\/\/dea.unsj.edu.ar\/principal\/wp-json\/wp\/v2\/types\/post"}],"author":[{"embeddable":true,"href":"https:\/\/dea.unsj.edu.ar\/principal\/wp-json\/wp\/v2\/users\/1"}],"replies":[{"embeddable":true,"href":"https:\/\/dea.unsj.edu.ar\/principal\/wp-json\/wp\/v2\/comments?post=1895"}],"version-history":[{"count":0,"href":"https:\/\/dea.unsj.edu.ar\/principal\/wp-json\/wp\/v2\/posts\/1895\/revisions"}],"wp:featuredmedia":[{"embeddable":true,"href":"https:\/\/dea.unsj.edu.ar\/principal\/wp-json\/wp\/v2\/media\/1246"}],"wp:attachment":[{"href":"https:\/\/dea.unsj.edu.ar\/principal\/wp-json\/wp\/v2\/media?parent=1895"}],"wp:term":[{"taxonomy":"category","embeddable":true,"href":"https:\/\/dea.unsj.edu.ar\/principal\/wp-json\/wp\/v2\/categories?post=1895"},{"taxonomy":"post_tag","embeddable":true,"href":"https:\/\/dea.unsj.edu.ar\/principal\/wp-json\/wp\/v2\/tags?post=1895"}],"curies":[{"name":"wp","href":"https:\/\/api.w.org\/{rel}","templated":true}]}}