{"id":1635,"date":"2019-08-01T09:55:01","date_gmt":"2019-08-01T12:55:01","guid":{"rendered":"http:\/\/dea.unsj.edu.ar\/principal\/?p=1635"},"modified":"2019-08-01T09:55:01","modified_gmt":"2019-08-01T12:55:01","slug":"mesa-de-examen-del-26-al-30-de-agosto-pasara-a-ser-un-turno-ordinario","status":"publish","type":"post","link":"https:\/\/dea.unsj.edu.ar\/principal\/mesa-de-examen-del-26-al-30-de-agosto-pasara-a-ser-un-turno-ordinario\/","title":{"rendered":"MESA DE EX\u00c1MEN del 26 al 30 de Agosto pasar\u00e1 a ser un Turno Ordinario"},"content":{"rendered":"\n<p>\nPor resoluci\u00f3n del Consejo Directivo de la Facultad de Ingenier\u00eda, la \nMesa Excepcional correspondiente a los d\u00edas 26 a 30 de Agosto pasar\u00e1 a \nser un Turno Ordinario para todos los alumnos de la FI.\n<br><br>+INFO: <a href=\"http:\/\/www.fi.unsj.edu.ar\/noticiaCompleta.php?id_noticia=2851\">http:\/\/www.fi.unsj.edu.ar\/noticiaCompleta.php?id_noticia=2851<\/a><br><br><\/p>\n","protected":false},"excerpt":{"rendered":"<div class=\"entry-summary\">\nPor resoluci\u00f3n del Consejo Directivo de la Facultad de Ingenier\u00eda, la Mesa Excepcional correspondiente a los d\u00edas 26 a 30&hellip;\n<\/div>\n<div class=\"link-more\"><a href=\"https:\/\/dea.unsj.edu.ar\/principal\/mesa-de-examen-del-26-al-30-de-agosto-pasara-a-ser-un-turno-ordinario\/\" class=\"more-link\">Continue reading<span class=\"screen-reader-text\"> &ldquo;MESA DE EX\u00c1MEN del 26 al 30 de Agosto pasar\u00e1 a ser un Turno Ordinario&rdquo;<\/span>&hellip;<\/a><\/div>\n","protected":false},"author":1,"featured_media":1636,"comment_status":"closed","ping_status":"closed","sticky":false,"template":"","format":"standard","meta":{"_acf_changed":false,"jetpack_post_was_ever_published":false,"_jetpack_newsletter_access":"","_jetpack_dont_email_post_to_subs":false,"_jetpack_newsletter_tier_id":0,"_jetpack_memberships_contains_paywalled_content":false,"_jetpack_memberships_contains_paid_content":false,"footnotes":"","jetpack_publicize_message":"","jetpack_publicize_feature_enabled":true,"jetpack_social_post_already_shared":true,"jetpack_social_options":{"image_generator_settings":{"template":"highway","default_image_id":0,"font":"","enabled":false},"version":2}},"categories":[2,11],"tags":[],"class_list":["post-1635","post","type-post","status-publish","format-standard","has-post-thumbnail","hentry","category-alumnos","category-dea","entry"],"acf":[],"jetpack_publicize_connections":[],"jetpack_featured_media_url":"https:\/\/dea.unsj.edu.ar\/principal\/wp-content\/uploads\/2019\/08\/Mesas.png","jetpack_sharing_enabled":true,"jetpack_shortlink":"https:\/\/wp.me\/paLbeA-qn","_links":{"self":[{"href":"https:\/\/dea.unsj.edu.ar\/principal\/wp-json\/wp\/v2\/posts\/1635","targetHints":{"allow":["GET"]}}],"collection":[{"href":"https:\/\/dea.unsj.edu.ar\/principal\/wp-json\/wp\/v2\/posts"}],"about":[{"href":"https:\/\/dea.unsj.edu.ar\/principal\/wp-json\/wp\/v2\/types\/post"}],"author":[{"embeddable":true,"href":"https:\/\/dea.unsj.edu.ar\/principal\/wp-json\/wp\/v2\/users\/1"}],"replies":[{"embeddable":true,"href":"https:\/\/dea.unsj.edu.ar\/principal\/wp-json\/wp\/v2\/comments?post=1635"}],"version-history":[{"count":0,"href":"https:\/\/dea.unsj.edu.ar\/principal\/wp-json\/wp\/v2\/posts\/1635\/revisions"}],"wp:featuredmedia":[{"embeddable":true,"href":"https:\/\/dea.unsj.edu.ar\/principal\/wp-json\/wp\/v2\/media\/1636"}],"wp:attachment":[{"href":"https:\/\/dea.unsj.edu.ar\/principal\/wp-json\/wp\/v2\/media?parent=1635"}],"wp:term":[{"taxonomy":"category","embeddable":true,"href":"https:\/\/dea.unsj.edu.ar\/principal\/wp-json\/wp\/v2\/categories?post=1635"},{"taxonomy":"post_tag","embeddable":true,"href":"https:\/\/dea.unsj.edu.ar\/principal\/wp-json\/wp\/v2\/tags?post=1635"}],"curies":[{"name":"wp","href":"https:\/\/api.w.org\/{rel}","templated":true}]}}